{"id":9079,"date":"2024-08-30T23:39:35","date_gmt":"2024-08-30T21:39:35","guid":{"rendered":"https:\/\/pasaenmendoza.com\/?p=9079"},"modified":"2024-08-30T23:39:36","modified_gmt":"2024-08-30T21:39:36","slug":"detuvieron-a-dos-hombres-que-pedian-viajes-de-cabify-y-uber-para-asaltar-a-choferes-en-godoy-cruz","status":"publish","type":"post","link":"https:\/\/pasaenmendoza.com\/?p=9079","title":{"rendered":"Detuvieron a dos hombres que ped\u00edan viajes de Cabify y Uber para asaltar a choferes en Godoy Cruz"},"content":{"rendered":"\n<p>La Polic\u00eda de Mendoza detuvo a dos hombres que solicitaban traslados en empresas como\u00a0<strong>Cabify o Uber<\/strong>\u00a0para luego\u00a0<strong>asaltar<\/strong>\u00a0a los choferes. En los allanamientos, realizados en el\u00a0<strong>Campo Pappa<\/strong>\u00a0de Godoy Cruz, se incautaron armas y bienes robados. Fue horas despu\u00e9s de haber desmantelado un b\u00fanker de drogas en el barrio.<\/p>\n\n\n\n<p>Seg\u00fan la investigaci\u00f3n, los presuntos delincuentes solicitaban traslados utilizando las\u00a0<strong>apps\u00a0<\/strong>m\u00e1s conocidas. Una vez en la zona,<strong>\u00a0asaltaban violentamente<\/strong>\u00a0a los conductores, despoj\u00e1ndolos de sus pertenencias e incluso golpe\u00e1ndolos.<\/p>\n\n\n\n<h2 class=\"wp-block-heading\">Investigaci\u00f3n en el Campo Papa<\/h2>\n\n\n\n<p>El personal de la&nbsp;<strong>Unidad Investigativa (UID) de Godoy Cruz&nbsp;<\/strong>identific\u00f3 a los perpetradores, quienes resid\u00edan en el barrio y que adem\u00e1s contaban con&nbsp;<strong>antecedentes<\/strong>&nbsp;previos.<\/p>\n\n\n\n<p>Bajo la supervisi\u00f3n de la<strong>\u00a0Unidad Fiscal de Robos y Hurtos y Sustracci\u00f3n de Automotores<\/strong>, los investigadores marcaron con precisi\u00f3n los\u00a0<strong>domicilios\u00a0<\/strong>de los sospechosos, lo que permiti\u00f3 la ejecuci\u00f3n de medidas judiciales ordenadas por el fiscal instructor.<\/p>\n\n\n\n<p>En ese marco, se realizaron&nbsp;<strong>allanamientos en cuatro domicilios del Campo Papa<\/strong>. En los procedimientos, el personal de la UID, con la colaboraci\u00f3n de otras \u00e1reas de la Direcci\u00f3n General de Investigaciones, secuestr\u00f3 un arma de fuego y diversos bienes de inter\u00e9s para la causa.<\/p>\n\n\n\n<p>Adem\u00e1s, se logr\u00f3 la\u00a0<strong>aprehensi\u00f3n de los sospechosos<\/strong>, quienes fueron trasladados a sede judicial para su imputaci\u00f3n.<\/p>\n\n\n\n<p><strong>Se captur\u00f3 a un individuo de 42 a\u00f1os, con varios antecedentes penales, conocido en la zona como uno de los \u201csoldaditos\u201d de la Yaqui. Tambi\u00e9n se incaut\u00f3 marihuana y coca\u00edna en grandes cantidades, as\u00ed como herramientas para el corte y fraccionamiento de drogas.<\/strong><\/p>\n\n\n\n<p>Se secuestraron 199 envoltorios de marihuana, 32 envoltorios de cogollos de marihuana y\u00a0<strong>571 envoltorios con coca\u00edna<\/strong>, adem\u00e1s de bolsas con coca\u00edna semicompactada que sumaban m\u00e1s de 450 gramos. Tambi\u00e9n se incautaron elementos utilizados para el corte y fraccionamiento de drogas, balanzas digitales, tel\u00e9fonos m\u00f3viles y una suma considerable de\u00a0<strong>dinero en efectivo<\/strong>.<\/p>\n\n\n\n<p>Este detenido fue puesto a disposici\u00f3n de la<strong>\u00a0Justicia Federal<\/strong>\u00a0y trasladado a la Unidad 32 para continuar con las medidas procesales correspondientes.<\/p>\n\n\n\n<p><strong>Fuente: www.diariouno.com.ar<\/strong><\/p>\n","protected":false},"excerpt":{"rendered":"<p>La Polic\u00eda de Mendoza detuvo a dos hombres que solicitaban traslados en empresas como\u00a0Cabify o Uber\u00a0para luego\u00a0asaltar\u00a0a los choferes. En los allanamientos, realizados en el\u00a0Campo Pappa\u00a0de Godoy Cruz, se incautaron armas y bienes robados. Fue horas despu\u00e9s de haber desmantelado un b\u00fanker de drogas en el barrio. Seg\u00fan la investigaci\u00f3n, los presuntos delincuentes solicitaban traslados [&hellip;]<\/p>\n","protected":false},"author":2,"featured_media":9080,"comment_status":"open","ping_status":"open","sticky":false,"template":"","format":"standard","meta":[],"categories":[48],"tags":[],"_links":{"self":[{"href":"https:\/\/pasaenmendoza.com\/index.php?rest_route=\/wp\/v2\/posts\/9079"}],"collection":[{"href":"https:\/\/pasaenmendoza.com\/index.php?rest_route=\/wp\/v2\/posts"}],"about":[{"href":"https:\/\/pasaenmendoza.com\/index.php?rest_route=\/wp\/v2\/types\/post"}],"author":[{"embeddable":true,"href":"https:\/\/pasaenmendoza.com\/index.php?rest_route=\/wp\/v2\/users\/2"}],"replies":[{"embeddable":true,"href":"https:\/\/pasaenmendoza.com\/index.php?rest_route=%2Fwp%2Fv2%2Fcomments&post=9079"}],"version-history":[{"count":1,"href":"https:\/\/pasaenmendoza.com\/index.php?rest_route=\/wp\/v2\/posts\/9079\/revisions"}],"predecessor-version":[{"id":9081,"href":"https:\/\/pasaenmendoza.com\/index.php?rest_route=\/wp\/v2\/posts\/9079\/revisions\/9081"}],"wp:featuredmedia":[{"embeddable":true,"href":"https:\/\/pasaenmendoza.com\/index.php?rest_route=\/wp\/v2\/media\/9080"}],"wp:attachment":[{"href":"https:\/\/pasaenmendoza.com\/index.php?rest_route=%2Fwp%2Fv2%2Fmedia&parent=9079"}],"wp:term":[{"taxonomy":"category","embeddable":true,"href":"https:\/\/pasaenmendoza.com\/index.php?rest_route=%2Fwp%2Fv2%2Fcategories&post=9079"},{"taxonomy":"post_tag","embeddable":true,"href":"https:\/\/pasaenmendoza.com\/index.php?rest_route=%2Fwp%2Fv2%2Ftags&post=9079"}],"curies":[{"name":"wp","href":"https:\/\/api.w.org\/{rel}","templated":true}]}}