{"id":9086,"date":"2024-08-30T23:48:01","date_gmt":"2024-08-30T21:48:01","guid":{"rendered":"https:\/\/pasaenmendoza.com\/?p=9086"},"modified":"2024-08-30T23:48:03","modified_gmt":"2024-08-30T21:48:03","slug":"techo-roto-y-patio-clausurado-una-escuela-de-la-uncuyo-se-inundo-por-la-lluvia","status":"publish","type":"post","link":"https:\/\/pasaenmendoza.com\/?p=9086","title":{"rendered":"Techo roto y patio clausurado: una escuela de la UNCuyo se inund\u00f3 por la lluvia"},"content":{"rendered":"\n<p>Tras un viento Zonda que tuvo lugar a finales de 2023 en Mendoza, parte del techo del patio interno del Departamento de Aplicaci\u00f3n Docente (DAD), se rompi\u00f3. Meses despu\u00e9s,&nbsp;<strong>no se ha hecho el arreglo<\/strong>&nbsp;correspondiente, y este viernes,&nbsp;<strong>por las lluvias, se inund\u00f3<\/strong>&nbsp;el sector. Por lo sucedido, autoridades de la instituci\u00f3n tuvieron que clausurar el patio interno.<\/p>\n\n\n\n<p>En tanto, desde la\u00a0<strong>Universidad Nacional de Cuyo\u00a0<\/strong>(UNCuyo) confirmaron que la obra tuvo que<strong>\u00a0posponerse\u00a0<\/strong>dado el recorte en el presupuesto universitario en la primera parte de este a\u00f1o, pero garantizaron que actualmente<strong>\u00a0est\u00e1 en etapa de adjudicaci\u00f3n<\/strong>.<\/p>\n\n\n\n<p>\u201c<em>Es un techo con unas placas muy altas, algunas de las cuales se volaron y se rompieron. Por razones de p\u00fablico conocimiento, todas las obras que ten\u00edamos programadas para el primer semestre debieron posponerse hasta que el Gobierno Nacional hizo un reconocimiento por inflaci\u00f3n para gastos de las universidades nacionales y envi\u00f3 un incremento para esos gastos<\/em>\u201c, respondieron desde la UNCuyo.<\/p>\n\n\n\n<p>Y sumaron: \u201cEn funci\u00f3n de ese reconocimiento, esta obra se reflot\u00f3,&nbsp;<strong>tiene prioridad n\u00famero uno y est\u00e1 en etapa de adjudicaci\u00f3n porque como es un techo muy alto no lo puede hacer cualquier empresa<\/strong>\u201c.<\/p>\n\n\n\n<p>Seg\u00fan especificaron, el arreglo tiene un costo total de $8.963.424,05, que debe ser realizado por contrataci\u00f3n externa.<\/p>\n\n\n\n<p><strong>Fuente: www.elsol.com.ar<\/strong><\/p>\n","protected":false},"excerpt":{"rendered":"<p>Tras un viento Zonda que tuvo lugar a finales de 2023 en Mendoza, parte del techo del patio interno del Departamento de Aplicaci\u00f3n Docente (DAD), se rompi\u00f3. Meses despu\u00e9s,&nbsp;no se ha hecho el arreglo&nbsp;correspondiente, y este viernes,&nbsp;por las lluvias, se inund\u00f3&nbsp;el sector. Por lo sucedido, autoridades de la instituci\u00f3n tuvieron que clausurar el patio interno. [&hellip;]<\/p>\n","protected":false},"author":2,"featured_media":9087,"comment_status":"open","ping_status":"open","sticky":false,"template":"","format":"standard","meta":[],"categories":[56],"tags":[],"_links":{"self":[{"href":"https:\/\/pasaenmendoza.com\/index.php?rest_route=\/wp\/v2\/posts\/9086"}],"collection":[{"href":"https:\/\/pasaenmendoza.com\/index.php?rest_route=\/wp\/v2\/posts"}],"about":[{"href":"https:\/\/pasaenmendoza.com\/index.php?rest_route=\/wp\/v2\/types\/post"}],"author":[{"embeddable":true,"href":"https:\/\/pasaenmendoza.com\/index.php?rest_route=\/wp\/v2\/users\/2"}],"replies":[{"embeddable":true,"href":"https:\/\/pasaenmendoza.com\/index.php?rest_route=%2Fwp%2Fv2%2Fcomments&post=9086"}],"version-history":[{"count":1,"href":"https:\/\/pasaenmendoza.com\/index.php?rest_route=\/wp\/v2\/posts\/9086\/revisions"}],"predecessor-version":[{"id":9088,"href":"https:\/\/pasaenmendoza.com\/index.php?rest_route=\/wp\/v2\/posts\/9086\/revisions\/9088"}],"wp:featuredmedia":[{"embeddable":true,"href":"https:\/\/pasaenmendoza.com\/index.php?rest_route=\/wp\/v2\/media\/9087"}],"wp:attachment":[{"href":"https:\/\/pasaenmendoza.com\/index.php?rest_route=%2Fwp%2Fv2%2Fmedia&parent=9086"}],"wp:term":[{"taxonomy":"category","embeddable":true,"href":"https:\/\/pasaenmendoza.com\/index.php?rest_route=%2Fwp%2Fv2%2Fcategories&post=9086"},{"taxonomy":"post_tag","embeddable":true,"href":"https:\/\/pasaenmendoza.com\/index.php?rest_route=%2Fwp%2Fv2%2Ftags&post=9086"}],"curies":[{"name":"wp","href":"https:\/\/api.w.org\/{rel}","templated":true}]}}