{"id":9092,"date":"2024-09-03T00:19:29","date_gmt":"2024-09-02T22:19:29","guid":{"rendered":"https:\/\/pasaenmendoza.com\/?p=9092"},"modified":"2024-09-03T00:19:30","modified_gmt":"2024-09-02T22:19:30","slug":"el-viento-zonda-se-sintio-en-algunos-lugares-del-gran-mendoza-de-forma-moderada","status":"publish","type":"post","link":"https:\/\/pasaenmendoza.com\/?p=9092","title":{"rendered":"El viento Zonda se sinti\u00f3 en algunos lugares del Gran Mendoza de forma moderada"},"content":{"rendered":"\n<p>El\u00a0<strong>viento Zonda<\/strong>\u00a0comenz\u00f3 a soplar pasadas las 13 de este lunes en varios sectores del\u00a0<strong>Gran Mendoza<\/strong>, tal como estaba pronosticado y la temperatura\u00a0<strong>m\u00e1xima\u00a0<\/strong>super\u00f3 los\u00a0<strong>33 grados.<\/strong>\u00a0El\u00a0<strong>Servicio Meteorol\u00f3gico Nacional\u00a0<\/strong>emiti\u00f3 una alerta amarilla por esta situaci\u00f3n, aunque en esta oportunidad el fen\u00f3meno no pas\u00f3 de moderado y breve.<\/p>\n\n\n\n<p>Las zonas de\u00a0<strong>Vistalba<\/strong>,\u00a0<strong>Chacras de Coria<\/strong>\u00a0y el centro de\u00a0<strong>Luj\u00e1n\u00a0<\/strong>fueron los primeros lugares en los que se comenzaron a sentir las r\u00e1fagas de\u00a0<strong>viento Zonda\u00a0<\/strong>pasadas las 13 de este lunes. Algunas personas tambi\u00e9n reportaron que se sent\u00eda en sectores de\u00a0<strong>Godoy Cruz,<\/strong>\u00a0<strong>Las Heras<\/strong>,<strong>\u00a0Guaymall\u00e9n\u00a0<\/strong>y\u00a0<strong>Lavalle<\/strong>.<\/p>\n\n\n\n<p>El<strong>\u00a0Servicio Meteorol\u00f3gico Nacional\u00a0<\/strong>hab\u00eda anticipado que esto ocurrir\u00eda y por eso emitieron una alerta amarilla para todo el Gran Mendoza. La m\u00e1xima super\u00f3 los\u00a0<strong>33<\/strong>\u00a0<strong>grados<\/strong>.<\/p>\n\n\n\n<h2 class=\"wp-block-heading\">Pron\u00f3stico despu\u00e9s del viento Zonda<\/h2>\n\n\n\n<p>El sucesor de Federico Norte, el doctor en meteorolog\u00eda\u00a0<strong>Maximiliano Viale<\/strong>\u00a0indic\u00f3 que este viento Zonda ser\u00e1 moderado, con r\u00e1fagas en algunos lugares m\u00e1s fuertes que en otro.<\/p>\n\n\n\n<p>Luego, se espera el ingreso del aire del Sur debido a un frente fr\u00edo que llega despu\u00e9s del&nbsp;<strong>Zonda<\/strong>, que har\u00e1 bajar las temperaturas durante el&nbsp;<strong>martes&nbsp;<\/strong>y&nbsp;<strong>mi\u00e9rcoles<\/strong>, cuando las m\u00e1ximas rondar\u00e1n entre los&nbsp;<strong>15 y 17 grados<\/strong>.<\/p>\n\n\n\n<p>Desde el\u00a0<strong>jueves\u00a0<\/strong>en adelante el term\u00f3metro volver\u00e1 a marcar un\u00a0<strong>ascenso\u00a0<\/strong>correspondiente al fin del invierno.<\/p>\n\n\n\n<p><strong>Fuente: www.diariouno.com.ar<\/strong><\/p>\n","protected":false},"excerpt":{"rendered":"<p>El\u00a0viento Zonda\u00a0comenz\u00f3 a soplar pasadas las 13 de este lunes en varios sectores del\u00a0Gran Mendoza, tal como estaba pronosticado y la temperatura\u00a0m\u00e1xima\u00a0super\u00f3 los\u00a033 grados.\u00a0El\u00a0Servicio Meteorol\u00f3gico Nacional\u00a0emiti\u00f3 una alerta amarilla por esta situaci\u00f3n, aunque en esta oportunidad el fen\u00f3meno no pas\u00f3 de moderado y breve. Las zonas de\u00a0Vistalba,\u00a0Chacras de Coria\u00a0y el centro de\u00a0Luj\u00e1n\u00a0fueron los primeros lugares [&hellip;]<\/p>\n","protected":false},"author":2,"featured_media":9093,"comment_status":"open","ping_status":"open","sticky":false,"template":"","format":"standard","meta":[],"categories":[52],"tags":[],"_links":{"self":[{"href":"https:\/\/pasaenmendoza.com\/index.php?rest_route=\/wp\/v2\/posts\/9092"}],"collection":[{"href":"https:\/\/pasaenmendoza.com\/index.php?rest_route=\/wp\/v2\/posts"}],"about":[{"href":"https:\/\/pasaenmendoza.com\/index.php?rest_route=\/wp\/v2\/types\/post"}],"author":[{"embeddable":true,"href":"https:\/\/pasaenmendoza.com\/index.php?rest_route=\/wp\/v2\/users\/2"}],"replies":[{"embeddable":true,"href":"https:\/\/pasaenmendoza.com\/index.php?rest_route=%2Fwp%2Fv2%2Fcomments&post=9092"}],"version-history":[{"count":1,"href":"https:\/\/pasaenmendoza.com\/index.php?rest_route=\/wp\/v2\/posts\/9092\/revisions"}],"predecessor-version":[{"id":9094,"href":"https:\/\/pasaenmendoza.com\/index.php?rest_route=\/wp\/v2\/posts\/9092\/revisions\/9094"}],"wp:featuredmedia":[{"embeddable":true,"href":"https:\/\/pasaenmendoza.com\/index.php?rest_route=\/wp\/v2\/media\/9093"}],"wp:attachment":[{"href":"https:\/\/pasaenmendoza.com\/index.php?rest_route=%2Fwp%2Fv2%2Fmedia&parent=9092"}],"wp:term":[{"taxonomy":"category","embeddable":true,"href":"https:\/\/pasaenmendoza.com\/index.php?rest_route=%2Fwp%2Fv2%2Fcategories&post=9092"},{"taxonomy":"post_tag","embeddable":true,"href":"https:\/\/pasaenmendoza.com\/index.php?rest_route=%2Fwp%2Fv2%2Ftags&post=9092"}],"curies":[{"name":"wp","href":"https:\/\/api.w.org\/{rel}","templated":true}]}}