{"id":9095,"date":"2024-09-03T00:23:59","date_gmt":"2024-09-02T22:23:59","guid":{"rendered":"https:\/\/pasaenmendoza.com\/?p=9095"},"modified":"2024-09-03T00:24:00","modified_gmt":"2024-09-02T22:24:00","slug":"estudiar-privado-de-la-libertad-cuantas-personas-lo-hacen-en-mendoza-y-como-es","status":"publish","type":"post","link":"https:\/\/pasaenmendoza.com\/?p=9095","title":{"rendered":"Estudiar privado de la libertad: cu\u00e1ntas personas lo hacen en Mendoza y c\u00f3mo es"},"content":{"rendered":"\n<p>El servicio educativo destinado a personas privadas de la libertad que promueve la provincia de Mendoza, est\u00e1 relacionado con la necesidad de garantizar el derecho a la\u00a0<strong>educaci\u00f3n<\/strong>. De acuerdo con las leyes 24.660 y 8.465 todas las personas privadas de la libertad pueden ejercer el derecho a educarse en contexto de encierro sin ser discriminadas por su situaci\u00f3n procesal.<\/p>\n\n\n\n<p>Trabajadores de la\u00a0<strong>educaci\u00f3n\u00a0<\/strong>dependientes de la Direcci\u00f3n de\u00a0<strong>Educaci\u00f3n\u00a0<\/strong>Permanente de J\u00f3venes y Adultos de la La\u00a0<strong>Direcci\u00f3n General de Escuelas\u00a0(DGE)<\/strong>\u00a0acompa\u00f1an a las personas privadas de la libertad en su formaci\u00f3n, brindando el servicio educativo en todos sus niveles en los cuatro complejos penitenciarios, 10 centros de alojamiento permanente y ocho alcaid\u00edas de alojamiento transitorio.<\/p>\n\n\n\n<p>Desde la\u00a0<strong>DGE<\/strong>, informaron que durante el ciclo lectivo 2024 que la mayor\u00eda de los estudiantes de las\u00a0<strong>c\u00e1rceles\u00a0<\/strong>locales\u00a0se encuentran realizando sus estudios de nivel primario. En total, hay registradas 843 personas privadas de la libertad que cursan el nivel primario, 594 en el nivel secundario, 430 que se forman en los Centros de Capacitaci\u00f3n para el Trabajo y 256 personas que est\u00e1n dentro del nivel universitario.<\/p>\n\n\n\n<p>La modalidad en contexto de encierro tiene el objetivo de garantizar el cumplimiento de la escolaridad obligatoria a todas las personas que est\u00e1n dentro de las instituciones penitenciarias. Los profesionales de la\u00a0<strong>educaci\u00f3n\u00a0<\/strong>que trabajan en esta modalidad ofrecen un servicio de acuerdo al nivel educativo que quiera alcanzar la persona privada de la libertad. Adem\u00e1s, deben apoyar las iniciativas que formulen los estudiantes dentro de la\u00a0<strong>educaci\u00f3n\u00a0<\/strong>no formal, y estimular la creaci\u00f3n art\u00edstica, manifestaciones culturales y hasta actividades deportivas.<\/p>\n\n\n\n<p>Por su parte, es obligaci\u00f3n de la\u00a0<strong>DGE\u00a0<\/strong>y el Servicio Penitenciario brindar informaci\u00f3n permanente sobre las ofertas educativas a las personas privadas de la libertad. Esto tiene como objetivo contribuir a la inclusi\u00f3n social y a la vida cultural de las personas.\u00a0<\/p>\n\n\n\n<p>La escuela es propuesta por la\u00a0<strong>DGE\u00a0<\/strong>como un espacio de recuperaci\u00f3n de la identidad y el reconocimiento entre pares. El compromiso docente, se\u00f1alaron, es fundamental para acompa\u00f1ar los procesos educativos dentro de los penales y buscar una mejor reinserci\u00f3n escolar, as\u00ed como promover la formaci\u00f3n integral y el desarrollo pleno de las personas privadas de la libertad.<\/p>\n\n\n\n<p><strong>Fuente: www.mdzol.com<\/strong><\/p>\n","protected":false},"excerpt":{"rendered":"<p>El servicio educativo destinado a personas privadas de la libertad que promueve la provincia de Mendoza, est\u00e1 relacionado con la necesidad de garantizar el derecho a la\u00a0educaci\u00f3n. De acuerdo con las leyes 24.660 y 8.465 todas las personas privadas de la libertad pueden ejercer el derecho a educarse en contexto de encierro sin ser discriminadas [&hellip;]<\/p>\n","protected":false},"author":2,"featured_media":9096,"comment_status":"open","ping_status":"open","sticky":false,"template":"","format":"standard","meta":[],"categories":[56],"tags":[],"_links":{"self":[{"href":"https:\/\/pasaenmendoza.com\/index.php?rest_route=\/wp\/v2\/posts\/9095"}],"collection":[{"href":"https:\/\/pasaenmendoza.com\/index.php?rest_route=\/wp\/v2\/posts"}],"about":[{"href":"https:\/\/pasaenmendoza.com\/index.php?rest_route=\/wp\/v2\/types\/post"}],"author":[{"embeddable":true,"href":"https:\/\/pasaenmendoza.com\/index.php?rest_route=\/wp\/v2\/users\/2"}],"replies":[{"embeddable":true,"href":"https:\/\/pasaenmendoza.com\/index.php?rest_route=%2Fwp%2Fv2%2Fcomments&post=9095"}],"version-history":[{"count":1,"href":"https:\/\/pasaenmendoza.com\/index.php?rest_route=\/wp\/v2\/posts\/9095\/revisions"}],"predecessor-version":[{"id":9097,"href":"https:\/\/pasaenmendoza.com\/index.php?rest_route=\/wp\/v2\/posts\/9095\/revisions\/9097"}],"wp:featuredmedia":[{"embeddable":true,"href":"https:\/\/pasaenmendoza.com\/index.php?rest_route=\/wp\/v2\/media\/9096"}],"wp:attachment":[{"href":"https:\/\/pasaenmendoza.com\/index.php?rest_route=%2Fwp%2Fv2%2Fmedia&parent=9095"}],"wp:term":[{"taxonomy":"category","embeddable":true,"href":"https:\/\/pasaenmendoza.com\/index.php?rest_route=%2Fwp%2Fv2%2Fcategories&post=9095"},{"taxonomy":"post_tag","embeddable":true,"href":"https:\/\/pasaenmendoza.com\/index.php?rest_route=%2Fwp%2Fv2%2Ftags&post=9095"}],"curies":[{"name":"wp","href":"https:\/\/api.w.org\/{rel}","templated":true}]}}