{"id":9098,"date":"2024-09-03T00:32:44","date_gmt":"2024-09-02T22:32:44","guid":{"rendered":"https:\/\/pasaenmendoza.com\/?p=9098"},"modified":"2024-09-03T00:32:45","modified_gmt":"2024-09-02T22:32:45","slug":"el-policia-retirado-asesinado-en-un-asalto-defendio-a-sus-hijos-el-ladron-que-mato-quedo-a-su-lado","status":"publish","type":"post","link":"https:\/\/pasaenmendoza.com\/?p=9098","title":{"rendered":"El polic\u00eda retirado asesinado en un asalto defendi\u00f3 a sus hijos: el ladr\u00f3n que mat\u00f3 qued\u00f3 a su lado"},"content":{"rendered":"\n<p>El polic\u00eda retirado que muri\u00f3 durante un enfrentamiento armado con dos delincuentes este domingo por la noche<strong>&nbsp;ten\u00eda 60 a\u00f1os, era presidente del Partido de Jubilados y sali\u00f3 en defensa de su familia cuando sufri\u00f3 un asalto domiciliario<\/strong>. Producto del hecho de inseguridad, uno de los sujetos que ingres\u00f3 a la propiedad ubicada sobre calle Godoy Cruz 10560 de Guaymall\u00e9n, tambi\u00e9n falleci\u00f3 por un disparo en el pecho.<\/p>\n\n\n\n<p>El caso de inseguridad se registr\u00f3 a las 21.30, de acuerdo con la primera reconstrucci\u00f3n que realizaron los investigadores liderados por la fiscal de Homicidios Claudia R\u00edos.&nbsp;<mark>La v\u00edctima se ba\u00f1aba cuando supo que en la propiedad hab\u00edan ingresado dos malvivientes encapuchados a trav\u00e9s del patio del domicilio.<\/mark><\/p>\n\n\n\n<p><strong>Los ladrones estaban armados y hab\u00edan tomado contacto con los hijos del efectivo<\/strong>\u00a0identificado como\u00a0<strong>H\u00e9ctor Enrique Pelayes<\/strong>. Al notar que la vida de los j\u00f3venes (un var\u00f3n y una mujer menores) se encontraba en riesgo, el polic\u00eda retirado, quien supo prestar servicio en Motorizada y en la Comisar\u00eda Quinta, fue en b\u00fasqueda de un arma de fuego que guardaba en su habitaci\u00f3n.\u00a0<mark>Se trat\u00f3 de una pistola calibre 9mm.<\/mark><\/p>\n\n\n\n<p>La sac\u00f3 y enfrent\u00f3 a uno de los malvivientes, que llevaba un rev\u00f3lver calibre 38 .\u00a0<strong>Pelayes dispar\u00f3 y tambi\u00e9n lo hizo el delincuente<\/strong>\u00a0a corta distancia. Ambos quedaron heridos de gravedad en una de las habitaciones del domicilio.\u00a0<strong>Pelayes vest\u00eda remera blanca y cubr\u00eda parte de su cuerpo con una toalla verde<\/strong>. La escena gener\u00f3 que el c\u00f3mplice del malviviente herido se diera a la fuga sin ser detenido.<\/p>\n\n\n\n<p>Por su parte, l<strong>os familiares del polic\u00eda retirado dieron aviso al 911 y el interno 06 del Servicio de Emergencias Coordinado se present\u00f3 en la vivienda<\/strong>. Una m\u00e9dica constat\u00f3 los decesos por impactos en t\u00f3rax y personal de Homicidios, Cient\u00edfica y de la jurisdicci\u00f3n lleg\u00f3 hasta la morada para iniciar los primeros trabajos de recolecci\u00f3n de pruebas.<\/p>\n\n\n\n<p>Hasta pasadas las 23 de este domingo, no hab\u00eda trascendido la identidad del delincuente abatido.<\/p>\n\n\n\n<p><strong>Fuente: www.elsol.com.ar<\/strong><\/p>\n","protected":false},"excerpt":{"rendered":"<p>El polic\u00eda retirado que muri\u00f3 durante un enfrentamiento armado con dos delincuentes este domingo por la noche&nbsp;ten\u00eda 60 a\u00f1os, era presidente del Partido de Jubilados y sali\u00f3 en defensa de su familia cuando sufri\u00f3 un asalto domiciliario. Producto del hecho de inseguridad, uno de los sujetos que ingres\u00f3 a la propiedad ubicada sobre calle Godoy [&hellip;]<\/p>\n","protected":false},"author":2,"featured_media":9099,"comment_status":"open","ping_status":"open","sticky":false,"template":"","format":"standard","meta":[],"categories":[48],"tags":[],"_links":{"self":[{"href":"https:\/\/pasaenmendoza.com\/index.php?rest_route=\/wp\/v2\/posts\/9098"}],"collection":[{"href":"https:\/\/pasaenmendoza.com\/index.php?rest_route=\/wp\/v2\/posts"}],"about":[{"href":"https:\/\/pasaenmendoza.com\/index.php?rest_route=\/wp\/v2\/types\/post"}],"author":[{"embeddable":true,"href":"https:\/\/pasaenmendoza.com\/index.php?rest_route=\/wp\/v2\/users\/2"}],"replies":[{"embeddable":true,"href":"https:\/\/pasaenmendoza.com\/index.php?rest_route=%2Fwp%2Fv2%2Fcomments&post=9098"}],"version-history":[{"count":1,"href":"https:\/\/pasaenmendoza.com\/index.php?rest_route=\/wp\/v2\/posts\/9098\/revisions"}],"predecessor-version":[{"id":9100,"href":"https:\/\/pasaenmendoza.com\/index.php?rest_route=\/wp\/v2\/posts\/9098\/revisions\/9100"}],"wp:featuredmedia":[{"embeddable":true,"href":"https:\/\/pasaenmendoza.com\/index.php?rest_route=\/wp\/v2\/media\/9099"}],"wp:attachment":[{"href":"https:\/\/pasaenmendoza.com\/index.php?rest_route=%2Fwp%2Fv2%2Fmedia&parent=9098"}],"wp:term":[{"taxonomy":"category","embeddable":true,"href":"https:\/\/pasaenmendoza.com\/index.php?rest_route=%2Fwp%2Fv2%2Fcategories&post=9098"},{"taxonomy":"post_tag","embeddable":true,"href":"https:\/\/pasaenmendoza.com\/index.php?rest_route=%2Fwp%2Fv2%2Ftags&post=9098"}],"curies":[{"name":"wp","href":"https:\/\/api.w.org\/{rel}","templated":true}]}}