{"id":9104,"date":"2024-09-03T23:41:56","date_gmt":"2024-09-03T21:41:56","guid":{"rendered":"https:\/\/pasaenmendoza.com\/?p=9104"},"modified":"2024-09-03T23:41:57","modified_gmt":"2024-09-03T21:41:57","slug":"no-hubo-acuerdo-y-aeronauticos-amenazan-con-nuevas-medidas-de-fuerza","status":"publish","type":"post","link":"https:\/\/pasaenmendoza.com\/?p=9104","title":{"rendered":"No hubo acuerdo y aeron\u00e1uticos amenazan con nuevas medidas de fuerza"},"content":{"rendered":"\n<p>Tras una serie de\u00a0asambleas que paralizaron\u00a0varios vuelos y afectaron\u00a0a mas de 11 mil pasajeros,\u00a0<strong>Aerol\u00edneas Argentinas<\/strong>\u00a0se reuni\u00f3\u00a0con los distintos gremios aeron\u00e1uticos. Luego de\u00a0fracasar la negociaci\u00f3n paritaria, voceros sindicales dijeron que podr\u00eda haber &#8220;nuevas medidas de fuerza&#8221;.\u00a0<\/p>\n\n\n\n<p>Los gremios se reunieron en el\u00a0<strong>Aeroparque de\u00a0Jorge Newbery\u00a0<\/strong>fueron\u00a0Asociaci\u00f3n de Pilotos de L\u00edneas A\u00e9reas (APLA), la Asociaci\u00f3n Argentina de Aeronavegantes (AAA), la Asociaci\u00f3n del Personal Aeron\u00e1utico (APA) y la Uni\u00f3n del Personal Superior y Profesional de Empresas Aerocomerciales.\u00a0<\/p>\n\n\n\n<p>Las advertencias de que el frente gremial aeron\u00e1utico eval\u00faa llamar a nuevas medidas de fuerzas fueron de&nbsp;Juan Pablo Brey, secretario general de Aeronavegantes, quien adem\u00e1s se expres\u00f3 sobre la oferta paritaria de Aerol\u00edneas Argentinas:&nbsp;\u201cEstamos un 72% abajo comparando los salarios con la inflaci\u00f3n, desde noviembre hasta hoy.&nbsp;Para junio nos ofrecieron 0%, en julio, 3,5%. Y para agosto, el 3%\u201d.<\/p>\n\n\n\n<p>\u201cEsta situaci\u00f3n nos obliga a analizar nuevas medidas gremiales hacia el futuro\u201d, se expres\u00f3 el gremio conducido por Brey en un comunicado.&nbsp;<\/p>\n\n\n\n<p>El gremio Atepsa (Asociaci\u00f3n T\u00e9cnicos y Empleados de Protecci\u00f3n y Seguridad a la Aeronavegaci\u00f3n) hab\u00eda publicado el domingo un cronograma de medidas de fuerzas que comenzar\u00edan el pr\u00f3ximo viernes seis de septiembre y se extienden con jornadas durante todo el mes.\u00a0<\/p>\n\n\n\n<figure class=\"wp-block-image\"><img decoding=\"async\" src=\"https:\/\/www.mdzol.com\/u\/fotografias\/m\/2024\/9\/3\/f768x400-1645677_1689580_0.png\" alt=\"Ya hubo cinco medidas de fuerza que afectaron aproximadamente a 11 mil pasajeros.\"\/><figcaption class=\"wp-element-caption\">Ya hubo cinco medidas de fuerza que afectaron aproximadamente a 11 mil pasajeros.<\/figcaption><\/figure>\n\n\n\n<p>De concretarse una nueva asamblea, ser\u00eda la sexta. Las otras cinco medidas de fuerzas se extendieron durante agosto y afectaron m\u00e1s de 11 mil pasajeros.\u00a0<\/p>\n\n\n\n<p><strong>Fuente: www.mdzol.com<\/strong><\/p>\n","protected":false},"excerpt":{"rendered":"<p>Tras una serie de\u00a0asambleas que paralizaron\u00a0varios vuelos y afectaron\u00a0a mas de 11 mil pasajeros,\u00a0Aerol\u00edneas Argentinas\u00a0se reuni\u00f3\u00a0con los distintos gremios aeron\u00e1uticos. Luego de\u00a0fracasar la negociaci\u00f3n paritaria, voceros sindicales dijeron que podr\u00eda haber &#8220;nuevas medidas de fuerza&#8221;.\u00a0 Los gremios se reunieron en el\u00a0Aeroparque de\u00a0Jorge Newbery\u00a0fueron\u00a0Asociaci\u00f3n de Pilotos de L\u00edneas A\u00e9reas (APLA), la Asociaci\u00f3n Argentina de Aeronavegantes (AAA), [&hellip;]<\/p>\n","protected":false},"author":2,"featured_media":9105,"comment_status":"open","ping_status":"open","sticky":false,"template":"","format":"standard","meta":[],"categories":[50],"tags":[],"_links":{"self":[{"href":"https:\/\/pasaenmendoza.com\/index.php?rest_route=\/wp\/v2\/posts\/9104"}],"collection":[{"href":"https:\/\/pasaenmendoza.com\/index.php?rest_route=\/wp\/v2\/posts"}],"about":[{"href":"https:\/\/pasaenmendoza.com\/index.php?rest_route=\/wp\/v2\/types\/post"}],"author":[{"embeddable":true,"href":"https:\/\/pasaenmendoza.com\/index.php?rest_route=\/wp\/v2\/users\/2"}],"replies":[{"embeddable":true,"href":"https:\/\/pasaenmendoza.com\/index.php?rest_route=%2Fwp%2Fv2%2Fcomments&post=9104"}],"version-history":[{"count":1,"href":"https:\/\/pasaenmendoza.com\/index.php?rest_route=\/wp\/v2\/posts\/9104\/revisions"}],"predecessor-version":[{"id":9106,"href":"https:\/\/pasaenmendoza.com\/index.php?rest_route=\/wp\/v2\/posts\/9104\/revisions\/9106"}],"wp:featuredmedia":[{"embeddable":true,"href":"https:\/\/pasaenmendoza.com\/index.php?rest_route=\/wp\/v2\/media\/9105"}],"wp:attachment":[{"href":"https:\/\/pasaenmendoza.com\/index.php?rest_route=%2Fwp%2Fv2%2Fmedia&parent=9104"}],"wp:term":[{"taxonomy":"category","embeddable":true,"href":"https:\/\/pasaenmendoza.com\/index.php?rest_route=%2Fwp%2Fv2%2Fcategories&post=9104"},{"taxonomy":"post_tag","embeddable":true,"href":"https:\/\/pasaenmendoza.com\/index.php?rest_route=%2Fwp%2Fv2%2Ftags&post=9104"}],"curies":[{"name":"wp","href":"https:\/\/api.w.org\/{rel}","templated":true}]}}