{"id":9107,"date":"2024-09-03T23:49:04","date_gmt":"2024-09-03T21:49:04","guid":{"rendered":"https:\/\/pasaenmendoza.com\/?p=9107"},"modified":"2024-09-03T23:49:06","modified_gmt":"2024-09-03T21:49:06","slug":"alfredo-cornejo-adelanto-que-tendra-una-pequena-reunion-con-javier-milei-en-su-visita-a-mendoza","status":"publish","type":"post","link":"https:\/\/pasaenmendoza.com\/?p=9107","title":{"rendered":"Alfredo Cornejo adelant\u00f3 que tendr\u00e1 una peque\u00f1a reuni\u00f3n con Javier Milei en su visita a Mendoza"},"content":{"rendered":"\n<p>El gobernador\u00a0<strong>Alfredo Cornejo<\/strong>\u00a0habl\u00f3 de la llegada del presidente\u00a0<strong>Javier Milei<\/strong>\u00a0a Mendoza el pr\u00f3ximo viernes, para participar de la convenci\u00f3n anual del Instituto Argentino de Ejecutivos de Finanzas (IAEF). Confirm\u00f3 que la visita del mandatario nacional est\u00e1 dedicada solamente al foro de finanzas, pero que de todos modos tendr\u00e1n una \u201cpeque\u00f1a reuni\u00f3n\u201d.<\/p>\n\n\n\n<p>La Convenci\u00f3n Anual del IAEF se desarrollar\u00e1 desde el 5 de septiembre al 6 de septiembre en el Hotel Sheraton y el cierre del evento est\u00e9 a cargo del presidente&nbsp;<strong>Milei<\/strong>. Contar\u00e1 con la participaci\u00f3n de otros importantes funcionarios y legisladores nacionales, adem\u00e1s del gobernador Cornejo.<\/p>\n\n\n\n<p>El mandatario mendocino indic\u00f3 que habl\u00f3 la semana pasada con el presidente y quedaron en que el pr\u00f3ximo viernes lo recibir\u00e1 en el aeropuerto.<\/p>\n\n\n\n<p>\u201cEntiendo por lo que me inform\u00f3 el protocolo, que viene al solo efecto del evento, pero s\u00ed vamos a tener una peque\u00f1a reuni\u00f3n entre nosotros y vamos a conversar. No conversamos habitualmente con el presidente, pero tenemos contacto con \u00e9l, nos escribimos\u201d, se\u00f1al\u00f3.<\/p>\n\n\n\n<p><strong>Cornejo\u00a0<\/strong>destac\u00f3 que \u201ces un foro que generalmente se hace en Buenos Aires, no se hace en el interior, es muy relevante que venga aqu\u00ed\u201d y agreg\u00f3 que \u201ces quiz\u00e1s el foro de finanzas m\u00e1s importante que tiene la Argentina\u201d.<\/p>\n\n\n\n<p><strong>Fuente: www.mdzol.com<\/strong><\/p>\n","protected":false},"excerpt":{"rendered":"<p>El gobernador\u00a0Alfredo Cornejo\u00a0habl\u00f3 de la llegada del presidente\u00a0Javier Milei\u00a0a Mendoza el pr\u00f3ximo viernes, para participar de la convenci\u00f3n anual del Instituto Argentino de Ejecutivos de Finanzas (IAEF). Confirm\u00f3 que la visita del mandatario nacional est\u00e1 dedicada solamente al foro de finanzas, pero que de todos modos tendr\u00e1n una \u201cpeque\u00f1a reuni\u00f3n\u201d. La Convenci\u00f3n Anual del IAEF [&hellip;]<\/p>\n","protected":false},"author":2,"featured_media":9108,"comment_status":"open","ping_status":"open","sticky":false,"template":"","format":"standard","meta":[],"categories":[47],"tags":[],"_links":{"self":[{"href":"https:\/\/pasaenmendoza.com\/index.php?rest_route=\/wp\/v2\/posts\/9107"}],"collection":[{"href":"https:\/\/pasaenmendoza.com\/index.php?rest_route=\/wp\/v2\/posts"}],"about":[{"href":"https:\/\/pasaenmendoza.com\/index.php?rest_route=\/wp\/v2\/types\/post"}],"author":[{"embeddable":true,"href":"https:\/\/pasaenmendoza.com\/index.php?rest_route=\/wp\/v2\/users\/2"}],"replies":[{"embeddable":true,"href":"https:\/\/pasaenmendoza.com\/index.php?rest_route=%2Fwp%2Fv2%2Fcomments&post=9107"}],"version-history":[{"count":1,"href":"https:\/\/pasaenmendoza.com\/index.php?rest_route=\/wp\/v2\/posts\/9107\/revisions"}],"predecessor-version":[{"id":9109,"href":"https:\/\/pasaenmendoza.com\/index.php?rest_route=\/wp\/v2\/posts\/9107\/revisions\/9109"}],"wp:featuredmedia":[{"embeddable":true,"href":"https:\/\/pasaenmendoza.com\/index.php?rest_route=\/wp\/v2\/media\/9108"}],"wp:attachment":[{"href":"https:\/\/pasaenmendoza.com\/index.php?rest_route=%2Fwp%2Fv2%2Fmedia&parent=9107"}],"wp:term":[{"taxonomy":"category","embeddable":true,"href":"https:\/\/pasaenmendoza.com\/index.php?rest_route=%2Fwp%2Fv2%2Fcategories&post=9107"},{"taxonomy":"post_tag","embeddable":true,"href":"https:\/\/pasaenmendoza.com\/index.php?rest_route=%2Fwp%2Fv2%2Ftags&post=9107"}],"curies":[{"name":"wp","href":"https:\/\/api.w.org\/{rel}","templated":true}]}}