{"id":9114,"date":"2024-09-04T23:58:55","date_gmt":"2024-09-04T21:58:55","guid":{"rendered":"https:\/\/pasaenmendoza.com\/?p=9114"},"modified":"2024-09-04T23:58:56","modified_gmt":"2024-09-04T21:58:56","slug":"rodolfo-montero-detallo-que-se-recaudaron-5-millones-en-un-mes-por-la-atencion-a-extranjeros-en-hospitales","status":"publish","type":"post","link":"https:\/\/pasaenmendoza.com\/?p=9114","title":{"rendered":"Rodolfo Montero detall\u00f3 que se recaudaron $5 millones en un mes por la atenci\u00f3n a extranjeros en hospitales"},"content":{"rendered":"\n<p>El ministro de\u00a0<strong>Salud\u00a0<\/strong>de Mendoza,\u00a0<strong>Rodolfo Montero<\/strong>, inform\u00f3 este mi\u00e9rcoles que desde que se puso en marcha el cobro de la atenci\u00f3n m\u00e9dica a los\u00a0<strong>extranjeros\u00a0<\/strong>en los hospitales p\u00fablicos y centros asistenciales, mediante el Reforsal, la Provincia recaud\u00f3 $5 millones.<\/p>\n\n\n\n<p>&#8220;Si bien no tenemos los n\u00fameros cerrados, en cuanto a los&nbsp;<strong>extranjeros<\/strong>&nbsp;hasta la semana pasada hab\u00edamos cobrado $5 millones&#8221;, asegur\u00f3 el funcionario provincial sobre el primer mes de funcionamiento del Ente de Recuperaci\u00f3n de Fondos para el Fortalecimiento del Sistema de&nbsp;<strong>Salud<\/strong>&nbsp;Provincial.<\/p>\n\n\n\n<p>Lo que resta conocer es la facturaci\u00f3n de las\u00a0<strong>obras sociales<\/strong>. &#8220;Vamos a facturar todas las pr\u00e1cticas que se hicieron en agosto, pero hay algunas que se est\u00e1n cargando todav\u00eda&#8221;, dijo el ministro de\u00a0<strong>Salud<\/strong>.<\/p>\n\n\n\n<h2 class=\"wp-block-heading\">Cambios en Salud<\/h2>\n\n\n\n<p>Adem\u00e1s de las reformas que est\u00e1n en proceso en Mendoza, el ministro&nbsp;<strong>Montero<\/strong>&nbsp;asegur\u00f3 que urge &#8220;que la Naci\u00f3n haga su tarea a nivel de sistema de&nbsp;<strong>salud&nbsp;<\/strong>nacional porque hay ineficiencia en el gasto&#8221;.<\/p>\n\n\n\n<p>Una de esas reformas que se encar\u00f3 en&nbsp;<strong>Mendoza<\/strong>&nbsp;tiene que ver con un nuevo sistema de cobro de&nbsp;<strong>salarios&nbsp;<\/strong>de los profesionales de la Salud.<\/p>\n\n\n\n<p>El ministro confirm\u00f3 que entrar\u00e1 en vigencia la semana que viene, por lo que los&nbsp;<strong>m\u00e9dicos<\/strong>&nbsp;podr\u00e1n hacer el &#8220;pedido de pase del R\u00e9gimen 27 al nuevo r\u00e9gimen salarial&#8221;.<\/p>\n\n\n\n<h2 class=\"wp-block-heading\">La situaci\u00f3n del dengue en Mendoza<\/h2>\n\n\n\n<p>El ministro y la Directora de Epidemiolog\u00eda Andrea Falaschi confirmaron que la Provincia puso en marcha un plan integral de gesti\u00f3n del&nbsp;<strong>dengue<\/strong>.<\/p>\n\n\n\n<p>\u201cHace 20 d\u00edas comenzamos un plan de abordaje del dengue y toda la articulaci\u00f3n con municipios\u201d, dijo.<\/p>\n\n\n\n<p>El plan abarca desde el descacharreo hasta la atenci\u00f3n en la red p\u00fablica.<\/p>\n\n\n\n<p><strong>\u201cEn Mendoza no vamos a vacunar<\/strong>, sino que vamos a seguir las recomendaciones que establece la Naci\u00f3n sobre el tema\u201d, confi\u00f3 Montero.<\/p>\n\n\n\n<p>Sobre eso, Falaschi explic\u00f3 que el plan est\u00e1n \u201cen consonancia con los lineamientos de la Organizaci\u00f3n Mundial de la Salud y Panamericana de la Salud\u201d.<\/p>\n\n\n\n<p>Los ejes son: vigilancia epidemiol\u00f3gica fuerte, eje de control vectorial y control del medio ambiente, comunicaci\u00f3n con la comunidad, diagn\u00f3stico de laboratorio, atenci\u00f3n de los pacientes, capacitaci\u00f3n y comunicaci\u00f3n, y por \u00faltimo, la vacunaci\u00f3n.<\/p>\n\n\n\n<p>Respecto de este \u00faltimo eje, Falaschi asegur\u00f3 que \u201c<strong>la vacuna actual que tenemos en Argentina no est\u00e1 recomendada para todas las provincias&nbsp;<\/strong>y zonas afectadas. Se recomienda en provincias que tiene 4.000 casos por 100.000 y Mendoza est\u00e1 por debajo de esa tasa. Tenemos una tasa que var\u00eda por departamento que va de 200 y 600 por 100 mil habitantes. O sea que la vacuna para nuestra poblaci\u00f3n no va a estar indicada de entrada en calendario\u201d.<\/p>\n\n\n\n<p>\u201cEn Mendoza tenemos que concientizar a la comunidad para que pueda limpiar los lugares donde puede habitar el&nbsp;<strong>mosquito<\/strong>. Trabajamos fuerte con los municipios para la limpieza, el desmalezamiento de los predios p\u00fablicos y el descacharreo que es limpieza sobre todo del propio domicilio\u201d, destac\u00f3 la funcionaria.<\/p>\n\n\n\n<p>Falaschi puntualiz\u00f3 que los departamentos m\u00e1s afectados son del Gran Mendoza, Guaymall\u00e9n, Capital, Godoy Cruz, Las Heras y las zonas centro de San Rafael, es donde hay m\u00e1s densidad poblacional y el mosquito es bien Urbano.<\/p>\n\n\n\n<p><strong>Fuente: www.diariouno.com.ar<\/strong><\/p>\n","protected":false},"excerpt":{"rendered":"<p>El ministro de\u00a0Salud\u00a0de Mendoza,\u00a0Rodolfo Montero, inform\u00f3 este mi\u00e9rcoles que desde que se puso en marcha el cobro de la atenci\u00f3n m\u00e9dica a los\u00a0extranjeros\u00a0en los hospitales p\u00fablicos y centros asistenciales, mediante el Reforsal, la Provincia recaud\u00f3 $5 millones. &#8220;Si bien no tenemos los n\u00fameros cerrados, en cuanto a los&nbsp;extranjeros&nbsp;hasta la semana pasada hab\u00edamos cobrado $5 millones&#8221;, [&hellip;]<\/p>\n","protected":false},"author":2,"featured_media":9115,"comment_status":"open","ping_status":"open","sticky":false,"template":"","format":"standard","meta":[],"categories":[58],"tags":[],"_links":{"self":[{"href":"https:\/\/pasaenmendoza.com\/index.php?rest_route=\/wp\/v2\/posts\/9114"}],"collection":[{"href":"https:\/\/pasaenmendoza.com\/index.php?rest_route=\/wp\/v2\/posts"}],"about":[{"href":"https:\/\/pasaenmendoza.com\/index.php?rest_route=\/wp\/v2\/types\/post"}],"author":[{"embeddable":true,"href":"https:\/\/pasaenmendoza.com\/index.php?rest_route=\/wp\/v2\/users\/2"}],"replies":[{"embeddable":true,"href":"https:\/\/pasaenmendoza.com\/index.php?rest_route=%2Fwp%2Fv2%2Fcomments&post=9114"}],"version-history":[{"count":1,"href":"https:\/\/pasaenmendoza.com\/index.php?rest_route=\/wp\/v2\/posts\/9114\/revisions"}],"predecessor-version":[{"id":9116,"href":"https:\/\/pasaenmendoza.com\/index.php?rest_route=\/wp\/v2\/posts\/9114\/revisions\/9116"}],"wp:featuredmedia":[{"embeddable":true,"href":"https:\/\/pasaenmendoza.com\/index.php?rest_route=\/wp\/v2\/media\/9115"}],"wp:attachment":[{"href":"https:\/\/pasaenmendoza.com\/index.php?rest_route=%2Fwp%2Fv2%2Fmedia&parent=9114"}],"wp:term":[{"taxonomy":"category","embeddable":true,"href":"https:\/\/pasaenmendoza.com\/index.php?rest_route=%2Fwp%2Fv2%2Fcategories&post=9114"},{"taxonomy":"post_tag","embeddable":true,"href":"https:\/\/pasaenmendoza.com\/index.php?rest_route=%2Fwp%2Fv2%2Ftags&post=9114"}],"curies":[{"name":"wp","href":"https:\/\/api.w.org\/{rel}","templated":true}]}}