{"id":9117,"date":"2024-09-05T00:04:14","date_gmt":"2024-09-04T22:04:14","guid":{"rendered":"https:\/\/pasaenmendoza.com\/?p=9117"},"modified":"2024-09-05T00:04:16","modified_gmt":"2024-09-04T22:04:16","slug":"jubilados-de-mendoza-reclamaron-contra-el-veto-de-javier-milei-y-el-limite-a-los-remedios-gratuitos","status":"publish","type":"post","link":"https:\/\/pasaenmendoza.com\/?p=9117","title":{"rendered":"Jubilados de Mendoza reclamaron contra el veto de Javier Milei y el l\u00edmite a los remedios gratuitos"},"content":{"rendered":"\n<p>Los<strong>&nbsp;jubilados y pensionados&nbsp;<\/strong>de Mendoza volvieron a marchar este mi\u00e9rcoles en la plaza San Mart\u00edn, como lo vienen haciendo desde principios de a\u00f1o, cada vez con m\u00e1s participantes. Esta vez la mayor parte de los reclamos se centr\u00f3 en protestar contra el veto de Javier Milei al aumento que aprob\u00f3 el Congreso.<\/p>\n\n\n\n<p>Con la convocatoria de esta semana, ya son 30 las movilizaciones de los adultos mayores mendocinos, algunos agrupados en organizaciones espec\u00edficas y otros de manera independiente.<\/p>\n\n\n\n<p>Jubilados y pensionados sienten que son los m\u00e1s perjudicados por el ajuste dispuesto por el gobierno nacional y es por eso que\u00a0cada mi\u00e9rcoles marchan en todo el pa\u00eds.\u00a0En Mendoza se re\u00fanen en la plaza San Mart\u00edn, sitio emblem\u00e1tico de lucha, que hasta hace poco convoc\u00f3 a las Madres de Plaza de Mayo de nuestra provincia.<\/p>\n\n\n\n<h2 class=\"wp-block-heading\">Los jubilados de Mendoza, contra el ajuste<\/h2>\n\n\n\n<p>Este mi\u00e9rcoles jubilados y pensionados no marcharon solos. Fueron acompa\u00f1ados por gremios y organizaciones sociales que se sumaron a los reclamos. Tambi\u00e9n lo hicieron algunos dirigentes del peronismo y de la izquierda.<\/p>\n\n\n\n<p>Con banderas y carteles en su mayor\u00eda con alusiones a Javier Milei, pero tambi\u00e9n al gobierno provincial, los manifestantes se hicieron escuchar e incluso juntaron firmas para documentar el reclamo.<\/p>\n\n\n\n<p>Ra\u00fal Bonotti, presidente de Jubipen, dijo &#8220;nos reunimos desde el 7 de febrero todos los mi\u00e9rcoles y esta es la ronda n\u00famero 30. Reclamamos por nuestros derechos, permanentemente avasallados&#8221;.<\/p>\n\n\n\n<p>&#8220;Este gobierno nacional -agreg\u00f3- est\u00e1 generando un traslado de recursos de los sectores populares a los sectores concentrados de la econom\u00eda&#8221;.<\/p>\n\n\n\n<p>Tambi\u00e9n dijo: &#8220;Los que cobramos la m\u00ednimas somo el 65% de la masa de jubilados. Y la m\u00ednima hoy, con el bono nunca actualizado de $70.000, llega a $304.000. \u00bfC\u00f3mo se puede vivir as\u00ed?&#8221;.<\/p>\n\n\n\n<p><strong>Fuente: www.diariouno.com.ar<\/strong><\/p>\n","protected":false},"excerpt":{"rendered":"<p>Los&nbsp;jubilados y pensionados&nbsp;de Mendoza volvieron a marchar este mi\u00e9rcoles en la plaza San Mart\u00edn, como lo vienen haciendo desde principios de a\u00f1o, cada vez con m\u00e1s participantes. Esta vez la mayor parte de los reclamos se centr\u00f3 en protestar contra el veto de Javier Milei al aumento que aprob\u00f3 el Congreso. Con la convocatoria de [&hellip;]<\/p>\n","protected":false},"author":2,"featured_media":9118,"comment_status":"open","ping_status":"open","sticky":false,"template":"","format":"standard","meta":[],"categories":[50],"tags":[],"_links":{"self":[{"href":"https:\/\/pasaenmendoza.com\/index.php?rest_route=\/wp\/v2\/posts\/9117"}],"collection":[{"href":"https:\/\/pasaenmendoza.com\/index.php?rest_route=\/wp\/v2\/posts"}],"about":[{"href":"https:\/\/pasaenmendoza.com\/index.php?rest_route=\/wp\/v2\/types\/post"}],"author":[{"embeddable":true,"href":"https:\/\/pasaenmendoza.com\/index.php?rest_route=\/wp\/v2\/users\/2"}],"replies":[{"embeddable":true,"href":"https:\/\/pasaenmendoza.com\/index.php?rest_route=%2Fwp%2Fv2%2Fcomments&post=9117"}],"version-history":[{"count":1,"href":"https:\/\/pasaenmendoza.com\/index.php?rest_route=\/wp\/v2\/posts\/9117\/revisions"}],"predecessor-version":[{"id":9119,"href":"https:\/\/pasaenmendoza.com\/index.php?rest_route=\/wp\/v2\/posts\/9117\/revisions\/9119"}],"wp:featuredmedia":[{"embeddable":true,"href":"https:\/\/pasaenmendoza.com\/index.php?rest_route=\/wp\/v2\/media\/9118"}],"wp:attachment":[{"href":"https:\/\/pasaenmendoza.com\/index.php?rest_route=%2Fwp%2Fv2%2Fmedia&parent=9117"}],"wp:term":[{"taxonomy":"category","embeddable":true,"href":"https:\/\/pasaenmendoza.com\/index.php?rest_route=%2Fwp%2Fv2%2Fcategories&post=9117"},{"taxonomy":"post_tag","embeddable":true,"href":"https:\/\/pasaenmendoza.com\/index.php?rest_route=%2Fwp%2Fv2%2Ftags&post=9117"}],"curies":[{"name":"wp","href":"https:\/\/api.w.org\/{rel}","templated":true}]}}