{"id":9123,"date":"2024-09-05T00:17:25","date_gmt":"2024-09-04T22:17:25","guid":{"rendered":"https:\/\/pasaenmendoza.com\/?p=9123"},"modified":"2024-09-05T00:17:26","modified_gmt":"2024-09-04T22:17:26","slug":"la-medida-de-la-dge-que-genero-reclamos-en-un-concurso-de-cargos-directivos","status":"publish","type":"post","link":"https:\/\/pasaenmendoza.com\/?p=9123","title":{"rendered":"La medida de la DGE que gener\u00f3 reclamos en un concurso de cargos directivos"},"content":{"rendered":"\n<p>La Direcci\u00f3n General de Escuelas lanz\u00f3 el&nbsp;<strong>Concurso de Jerarqu\u00eda Directiva en Educaci\u00f3n Especial<\/strong>&nbsp;y permiti\u00f3 que compitan a docentes de Educaci\u00f3n F\u00edsica, M\u00fasica y Artes Visuales. Sin embargo, la medida gener\u00f3 el reclamo de quienes hasta ahora eran los \u00fanicos que pod\u00edan competir, aquellos que tienen el t\u00edtulo de profesor de Educaci\u00f3n Especial.<\/p>\n\n\n\n<p>El llamado est\u00e1 dividido en tres instancias y ampli\u00f3 el espectro de quienes pod\u00edan concursar para estos cargos de direcci\u00f3n. Pero esto abri\u00f3 la controversia.<\/p>\n\n\n\n<p>Desde la&nbsp;<strong>Direcci\u00f3n General de Escuelas<\/strong>&nbsp;(DGE) garantizaron que se trata de educadores titulares que deben tener como m\u00ednimo siete a\u00f1os de antig\u00fcedad en la modalidad. Esto implicar\u00eda que cuenten con los&nbsp;<strong>conocimientos necesarios<\/strong>, seg\u00fan explicaron desde el gobierno escolar.<\/p>\n\n\n\n<p>Por su parte, los docentes de Educaci\u00f3n Especial afirmaron que la decisi\u00f3n \u201c<em>podr\u00eda perjudicar a los alumnos<\/em>\u201c, ya que consideran que dichos profesores \u201c<strong>no re\u00fanen las capacidades por un tema de formaci\u00f3n<\/strong>\u201c.<\/p>\n\n\n\n<p>\u201c<em>Al existir una gran demanda, notamos que existen otros profesionales que est\u00e1n realizando tareas que nos corresponden a nosotros. En este caso, si asume un directivo que no sea espec\u00edficamente docente de Educaci\u00f3n Especial, har\u00e1 una intervenci\u00f3n m\u00e1s generalista.&nbsp;<strong>No tienen la capacitaci\u00f3n espec\u00edfica que s\u00ed tenemos nosotros<\/strong><\/em>\u201c, se\u00f1al\u00f3 una docente de una instituci\u00f3n de Educaci\u00f3n Especial de Mendoza.<\/p>\n\n\n\n<p>Y agreg\u00f3: \u201cNadie les quita la experiencia, pero&nbsp;<strong>no re\u00fanen las capacidades por un tema de formaci\u00f3n<\/strong>. Por m\u00e1s de que hayan estado siete a\u00f1os, han visto solo una parte\u201d.<\/p>\n\n\n\n<h2 class=\"wp-block-heading\" id=\"h-la-campana-oficial\">La campana oficial<\/h2>\n\n\n\n<p>Con este reclamo en puerta,\u00a0<strong>Mar\u00eda de los \u00c1ngeles Zavaroni<\/strong>,\u00a0<strong>directora de Educaci\u00f3n Especial de la DGE<\/strong>, asegur\u00f3 que lo resuelto da apertura para que m\u00e1s personas puedan participar del concurso, y plante\u00f3 que se trata de docentes que son titulares y que cuentan con los conocimientos correspondientes.<\/p>\n\n\n\n<p>\u201c<em>Se abri\u00f3 la oferta para que m\u00e1s personas tengan acceso. Se requiere siete a\u00f1os como m\u00ednimo en la modalidad, es decir, que ese docente tiene los conocimientos. Estamos posibilitando que m\u00e1s personas participen del concurso<\/em>&#8220;.<\/p>\n\n\n\n<p>En cuanto a la normativa, la Resoluci\u00f3n 3.960 indica que \u201cen la Modalidad de Educaci\u00f3n Especial, se requerir\u00e1 una antig\u00fcedad m\u00ednima de siete (7) a\u00f1os como docente titular en esta Modalidad, en la Provincia de Mendoza, computados a la fecha de apertura de inscripci\u00f3n\u201d.<\/p>\n\n\n\n<p>Zavaroni explic\u00f3 que, en un marco de aproximadamente 140 inscriptos, tan s\u00f3lo son&nbsp;<strong>cuatro<\/strong>&nbsp;los docentes que se anotaron y que tienen otro t\u00edtulo. \u201cNo llega al 1%\u201d, dijo.<\/p>\n\n\n\n<p>En relaci\u00f3n al proceso, el mismo est\u00e1 compuesto por tres etapas:&nbsp;<strong>una escrita, otra pr\u00e1ctica y una oral<\/strong>.<\/p>\n\n\n\n<p>La primera instancia es un&nbsp;<strong>examen escrito<\/strong>&nbsp;a rendirse en febrero de 2025. La segunda, para los que aprobaron el escrito, incluye una&nbsp;<strong>pasant\u00eda<\/strong>&nbsp;en una instituci\u00f3n escolar asignada por un per\u00edodo de observaci\u00f3n, donde se elabora un<strong>&nbsp;proyecto directivo<\/strong>. Por \u00faltimo, en la tercera instancia, tras la evaluaci\u00f3n del proyecto, se debe&nbsp;<strong>defender el mismo.<\/strong><\/p>\n\n\n\n<p>As\u00ed,\u00a0<strong>el docente obtiene un puntaje final y queda en orden m\u00e9rito<\/strong>\u00a0para optar por las escuelas escogidas. En tanto, cabe aclarar que las juntas evaluadoras est\u00e1n conformadas por miembros de la DGE, y del cuerpo del colectivo docente.<\/p>\n\n\n\n<p><strong>Fuente: www.elsol.com.ar<\/strong><\/p>\n","protected":false},"excerpt":{"rendered":"<p>La Direcci\u00f3n General de Escuelas lanz\u00f3 el&nbsp;Concurso de Jerarqu\u00eda Directiva en Educaci\u00f3n Especial&nbsp;y permiti\u00f3 que compitan a docentes de Educaci\u00f3n F\u00edsica, M\u00fasica y Artes Visuales. Sin embargo, la medida gener\u00f3 el reclamo de quienes hasta ahora eran los \u00fanicos que pod\u00edan competir, aquellos que tienen el t\u00edtulo de profesor de Educaci\u00f3n Especial. El llamado est\u00e1 [&hellip;]<\/p>\n","protected":false},"author":2,"featured_media":9124,"comment_status":"open","ping_status":"open","sticky":false,"template":"","format":"standard","meta":[],"categories":[56],"tags":[],"_links":{"self":[{"href":"https:\/\/pasaenmendoza.com\/index.php?rest_route=\/wp\/v2\/posts\/9123"}],"collection":[{"href":"https:\/\/pasaenmendoza.com\/index.php?rest_route=\/wp\/v2\/posts"}],"about":[{"href":"https:\/\/pasaenmendoza.com\/index.php?rest_route=\/wp\/v2\/types\/post"}],"author":[{"embeddable":true,"href":"https:\/\/pasaenmendoza.com\/index.php?rest_route=\/wp\/v2\/users\/2"}],"replies":[{"embeddable":true,"href":"https:\/\/pasaenmendoza.com\/index.php?rest_route=%2Fwp%2Fv2%2Fcomments&post=9123"}],"version-history":[{"count":1,"href":"https:\/\/pasaenmendoza.com\/index.php?rest_route=\/wp\/v2\/posts\/9123\/revisions"}],"predecessor-version":[{"id":9125,"href":"https:\/\/pasaenmendoza.com\/index.php?rest_route=\/wp\/v2\/posts\/9123\/revisions\/9125"}],"wp:featuredmedia":[{"embeddable":true,"href":"https:\/\/pasaenmendoza.com\/index.php?rest_route=\/wp\/v2\/media\/9124"}],"wp:attachment":[{"href":"https:\/\/pasaenmendoza.com\/index.php?rest_route=%2Fwp%2Fv2%2Fmedia&parent=9123"}],"wp:term":[{"taxonomy":"category","embeddable":true,"href":"https:\/\/pasaenmendoza.com\/index.php?rest_route=%2Fwp%2Fv2%2Fcategories&post=9123"},{"taxonomy":"post_tag","embeddable":true,"href":"https:\/\/pasaenmendoza.com\/index.php?rest_route=%2Fwp%2Fv2%2Ftags&post=9123"}],"curies":[{"name":"wp","href":"https:\/\/api.w.org\/{rel}","templated":true}]}}