{"id":9129,"date":"2024-09-05T23:38:37","date_gmt":"2024-09-05T21:38:37","guid":{"rendered":"https:\/\/pasaenmendoza.com\/?p=9129"},"modified":"2024-09-05T23:38:39","modified_gmt":"2024-09-05T21:38:39","slug":"la-vacuna-contra-el-dengue-se-fue-a-180-000-y-esperan-un-pico-de-demanda-con-la-llegada-del-calor","status":"publish","type":"post","link":"https:\/\/pasaenmendoza.com\/?p=9129","title":{"rendered":"La vacuna contra el dengue se fue a $180.000 y esperan un pico de demanda con la llegada del calor"},"content":{"rendered":"\n<p>A ra\u00edz de la decisi\u00f3n del gobierno nacional de no enviar a Mendoza vacunas contra el<strong>\u00a0dengue<\/strong>,\u00a0por no ser una zona de alto riesgo de la enfermedad, en la provincia hay disponibilidad de dosis que se consiguen a $180.000 en las farmacias. Su precio se encareci\u00f3 en los \u00faltimos meses ya que el tratamiento costaba $140.000.<\/p>\n\n\n\n<p>Con la llegada de septiembre ya se presentan d\u00edas con temperaturas c\u00e1lidas y se evidenci\u00f3 la molestia de los primeros mosquitos, avivados por la humedad, despu\u00e9s de la tormenta de Santa Rosa.<\/p>\n\n\n\n<p>Desde el a\u00f1o pasado, Mendoza se convirti\u00f3 en una provincia con casos aut\u00f3ctonos y\u00a0<strong>registr\u00f3 m\u00e1s de 8.000 contagios de dengue<\/strong>. Por esa raz\u00f3n, la\u00a0<strong>vacuna<\/strong>\u00a0es una de las formas de combatir la enfermedad y los cuadros graves.<\/p>\n\n\n\n<p><strong>\u201cEn Mendoza no vamos a vacunar<\/strong>, sino que vamos a seguir las recomendaciones que establece la Naci\u00f3n sobre el tema\u201d, afirm\u00f3 el ministro de Salud, Rodolfo Montero. Y destac\u00f3 que la campa\u00f1a est\u00e1 centrada en el descacharreo y la erradicaci\u00f3n del mosquito del peridomicilio.<\/p>\n\n\n\n<h2 class=\"wp-block-heading\"><strong>Cu\u00e1nto cuesta la vacuna contra el dengue en farmacias<\/strong><\/h2>\n\n\n\n<p>Seg\u00fan datos del Colegio Farmac\u00e9utico de Mendoza durante el per\u00edodo 2023\/2024 hasta mayo que todav\u00eda se registraban casos, se aplicaron unas 500 dosis. El&nbsp;<strong>tratamiento consta de dos inyectables<\/strong>&nbsp;con un costo de $90.000 cada dosis.<\/p>\n\n\n\n<p>Hasta hace algunos meses, su valor era menor porque cada una costaba $70.000.<\/p>\n\n\n\n<p>Ricardo Aizcorbe, integrante del Directorio del Colegio Farmac\u00e9utico de Mendoza, explic\u00f3 que en el invierno fue pr\u00e1cticamente nula la inmunizaci\u00f3n contra el dengue y que el fuerte fue durante diciembre del 2023 hasta mayo de este a\u00f1o.<\/p>\n\n\n\n<p>&#8220;<strong>Los que se vacunan son las personas mayores de 50 a\u00f1os<\/strong>, los grupos etarios m\u00e1s j\u00f3venes son reacios a la vacuna, como al consumo de medicamentos. No se han colocado de manera masiva, aunque s\u00ed son reconocidas por las obras sociales y esto baja mucho el costo&#8221;, se\u00f1al\u00f3 el farmac\u00e9utico.<\/p>\n\n\n\n<p>Y aclar\u00f3 que en este momento hay disponibilidad de dosis, aunque se espera que el pico de la demanda se produzca con la llegada del calor.<\/p>\n\n\n\n<h2 class=\"wp-block-heading\"><strong>La incidencia del dengue en Mendoza<\/strong><\/h2>\n\n\n\n<p>En el per\u00edodo epid\u00e9mico 2023-24, se reportaron 8.585 casos, con 5.342 casos confirmados. De los casos confirmados, el 90% de ellos, se clasificaron como casos aut\u00f3ctonos, sin antecedente de viaje y el 3% como casos importados. Mientras que el 7% est\u00e1n a\u00fan en investigaci\u00f3n del lugar de adquisici\u00f3n.<\/p>\n\n\n\n<p>El informe epidemiol\u00f3gico tambi\u00e9n arroj\u00f3 que en el per\u00edodo epid\u00e9mico 2023\/24, se evidenci\u00f3 un ascenso en el n\u00famero de casos notificados desde enero, con pico en marzo con 1.795.<\/p>\n\n\n\n<p>Los departamentos m\u00e1s afectados por el dengue fueron los correspondientes a la regi\u00f3n metropolitana (Guaymall\u00e9n, Las Heras, Capital, Godoy Cruz), y fuera de esta, San Rafael (Ciudad).<\/p>\n\n\n\n<p>Otro dato que arroj\u00f3 el informe de agosto, entre el 2023 y 2024 hubo 743 pacientes internados. Y 16 estuvieron en cuidados intensivos, mientras que 5 personas murieron a causa de la enfermedad.<\/p>\n\n\n\n<p><strong>Fuente: www.diariouno.com.ar<\/strong><\/p>\n","protected":false},"excerpt":{"rendered":"<p>A ra\u00edz de la decisi\u00f3n del gobierno nacional de no enviar a Mendoza vacunas contra el\u00a0dengue,\u00a0por no ser una zona de alto riesgo de la enfermedad, en la provincia hay disponibilidad de dosis que se consiguen a $180.000 en las farmacias. Su precio se encareci\u00f3 en los \u00faltimos meses ya que el tratamiento costaba $140.000. [&hellip;]<\/p>\n","protected":false},"author":2,"featured_media":9130,"comment_status":"open","ping_status":"open","sticky":false,"template":"","format":"standard","meta":[],"categories":[58],"tags":[],"_links":{"self":[{"href":"https:\/\/pasaenmendoza.com\/index.php?rest_route=\/wp\/v2\/posts\/9129"}],"collection":[{"href":"https:\/\/pasaenmendoza.com\/index.php?rest_route=\/wp\/v2\/posts"}],"about":[{"href":"https:\/\/pasaenmendoza.com\/index.php?rest_route=\/wp\/v2\/types\/post"}],"author":[{"embeddable":true,"href":"https:\/\/pasaenmendoza.com\/index.php?rest_route=\/wp\/v2\/users\/2"}],"replies":[{"embeddable":true,"href":"https:\/\/pasaenmendoza.com\/index.php?rest_route=%2Fwp%2Fv2%2Fcomments&post=9129"}],"version-history":[{"count":1,"href":"https:\/\/pasaenmendoza.com\/index.php?rest_route=\/wp\/v2\/posts\/9129\/revisions"}],"predecessor-version":[{"id":9131,"href":"https:\/\/pasaenmendoza.com\/index.php?rest_route=\/wp\/v2\/posts\/9129\/revisions\/9131"}],"wp:featuredmedia":[{"embeddable":true,"href":"https:\/\/pasaenmendoza.com\/index.php?rest_route=\/wp\/v2\/media\/9130"}],"wp:attachment":[{"href":"https:\/\/pasaenmendoza.com\/index.php?rest_route=%2Fwp%2Fv2%2Fmedia&parent=9129"}],"wp:term":[{"taxonomy":"category","embeddable":true,"href":"https:\/\/pasaenmendoza.com\/index.php?rest_route=%2Fwp%2Fv2%2Fcategories&post=9129"},{"taxonomy":"post_tag","embeddable":true,"href":"https:\/\/pasaenmendoza.com\/index.php?rest_route=%2Fwp%2Fv2%2Ftags&post=9129"}],"curies":[{"name":"wp","href":"https:\/\/api.w.org\/{rel}","templated":true}]}}