{"id":9132,"date":"2024-09-05T23:41:44","date_gmt":"2024-09-05T21:41:44","guid":{"rendered":"https:\/\/pasaenmendoza.com\/?p=9132"},"modified":"2024-09-05T23:41:46","modified_gmt":"2024-09-05T21:41:46","slug":"por-una-seguidilla-de-robos-en-comercios-de-capital-detuvieron-a-9-sospechosos-en-situacion-de-calle","status":"publish","type":"post","link":"https:\/\/pasaenmendoza.com\/?p=9132","title":{"rendered":"Por una seguidilla de robos en comercios de Capital detuvieron a 9 sospechosos en situaci\u00f3n de calle"},"content":{"rendered":"\n<p>Nueve hombres fueron detenidos en las \u00faltimas horas en\u00a0<strong>Capital<\/strong>, luego de una ola de\u00a0<strong>robos<\/strong>\u00a0en comercios durante la noche, en los cuales delincuentes rompieron vidrios para entrar. Tres fueron detenidos en la noche luego de haber sido captados por las c\u00e1maras de seguridad en el momento del hecho, otros 6 sospechosos fueron identificados en un refugio para personas en situaci\u00f3n de calle.<\/p>\n\n\n\n<p>Durante la noche del mi\u00e9rcoles y madrugada del jueves delincuentes\u00a0<strong>robaron\u00a0<\/strong>en un local de ropa, tambi\u00e9n en una librer\u00eda de calle Espa\u00f1a casi Pedro Molina, y tambi\u00e9n el local de McDonald&#8217;s de calle Col\u00f3n casi Mitre, todo en\u00a0<strong>Capital<\/strong>.<\/p>\n\n\n\n<p>El comisario jefe de Capital,&nbsp;<strong>Mario Rilli<\/strong>, indic\u00f3 que por estos&nbsp;<strong>robos&nbsp;<\/strong>y otros ocurridos en las \u00faltimas semanas, comenzaron un operativo en la tarde noche del mi\u00e9rcoles y atraparon a&nbsp;<strong>tres sospechosos&nbsp;<\/strong>que quedaron filmados por las c\u00e1maras del Ministerio de Seguridad.<\/p>\n\n\n\n<p>Adem\u00e1s, recibieron muchas denuncias que indicaron que los ladrones eran personas en situaci\u00f3n de calle que duermen en el\u00a0<strong>refugio\u00a0<\/strong>de calle Patricias Mendocinas al 578, cerca de calle Pedro Molina, en\u00a0<strong>Capital<\/strong>. Se trata de un albergue que pertenece al Gobierno pero es operado por una fundaci\u00f3n evang\u00e9lica.<\/p>\n\n\n\n<p>Por eso, en la ma\u00f1ana de este jueves la\u00a0<strong>Polic\u00eda\u00a0<\/strong>realiz\u00f3 un operativo de seguridad para el control de personas que se alojan all\u00ed, donde detuvieron a seis hombres, de los cuales tres ten\u00edan\u00a0<strong>medidas pendientes<\/strong>\u00a0y los otros tres fueron en averiguaci\u00f3n de\u00a0<strong>antecedentes<\/strong>.<\/p>\n\n\n\n<p><strong>Fuente: www.diariouno.com.ar<\/strong><\/p>\n","protected":false},"excerpt":{"rendered":"<p>Nueve hombres fueron detenidos en las \u00faltimas horas en\u00a0Capital, luego de una ola de\u00a0robos\u00a0en comercios durante la noche, en los cuales delincuentes rompieron vidrios para entrar. Tres fueron detenidos en la noche luego de haber sido captados por las c\u00e1maras de seguridad en el momento del hecho, otros 6 sospechosos fueron identificados en un refugio [&hellip;]<\/p>\n","protected":false},"author":2,"featured_media":9133,"comment_status":"open","ping_status":"open","sticky":false,"template":"","format":"standard","meta":[],"categories":[48],"tags":[],"_links":{"self":[{"href":"https:\/\/pasaenmendoza.com\/index.php?rest_route=\/wp\/v2\/posts\/9132"}],"collection":[{"href":"https:\/\/pasaenmendoza.com\/index.php?rest_route=\/wp\/v2\/posts"}],"about":[{"href":"https:\/\/pasaenmendoza.com\/index.php?rest_route=\/wp\/v2\/types\/post"}],"author":[{"embeddable":true,"href":"https:\/\/pasaenmendoza.com\/index.php?rest_route=\/wp\/v2\/users\/2"}],"replies":[{"embeddable":true,"href":"https:\/\/pasaenmendoza.com\/index.php?rest_route=%2Fwp%2Fv2%2Fcomments&post=9132"}],"version-history":[{"count":1,"href":"https:\/\/pasaenmendoza.com\/index.php?rest_route=\/wp\/v2\/posts\/9132\/revisions"}],"predecessor-version":[{"id":9134,"href":"https:\/\/pasaenmendoza.com\/index.php?rest_route=\/wp\/v2\/posts\/9132\/revisions\/9134"}],"wp:featuredmedia":[{"embeddable":true,"href":"https:\/\/pasaenmendoza.com\/index.php?rest_route=\/wp\/v2\/media\/9133"}],"wp:attachment":[{"href":"https:\/\/pasaenmendoza.com\/index.php?rest_route=%2Fwp%2Fv2%2Fmedia&parent=9132"}],"wp:term":[{"taxonomy":"category","embeddable":true,"href":"https:\/\/pasaenmendoza.com\/index.php?rest_route=%2Fwp%2Fv2%2Fcategories&post=9132"},{"taxonomy":"post_tag","embeddable":true,"href":"https:\/\/pasaenmendoza.com\/index.php?rest_route=%2Fwp%2Fv2%2Ftags&post=9132"}],"curies":[{"name":"wp","href":"https:\/\/api.w.org\/{rel}","templated":true}]}}