{"id":9135,"date":"2024-09-05T23:45:08","date_gmt":"2024-09-05T21:45:08","guid":{"rendered":"https:\/\/pasaenmendoza.com\/?p=9135"},"modified":"2024-09-05T23:45:09","modified_gmt":"2024-09-05T21:45:09","slug":"arranco-la-convencion-de-ejecutivos-de-finanzas-el-primer-dato-politico-es-un-proyecto-urbanistico-en-capital","status":"publish","type":"post","link":"https:\/\/pasaenmendoza.com\/?p=9135","title":{"rendered":"Arranc\u00f3 la Convenci\u00f3n de Ejecutivos de Finanzas: el primer dato pol\u00edtico es un proyecto urban\u00edstico en Capital"},"content":{"rendered":"\n<p><strong>La 45\u00ba Convenci\u00f3n Anual de Ejecutivos de Finanzas<\/strong>\u00a0comenz\u00f3 en la tarde de este jueves en los salones del Sheraton Hotel, que tendr\u00e1 a importantes figuras pol\u00edticas y del mundo econ\u00f3mico.\u00a0El cierre ser\u00e1 este viernes y tendr\u00e1 a<strong>\u00a0Javier Milei<\/strong>, pero ya tiene un dato pol\u00edtico interesante: el intendente de la Ciudad de Mendoza,\u00a0<strong>Ulpiano Suarez<\/strong>, adelant\u00f3 que\u00a0<strong>pr\u00f3ximamente firmar\u00e1 con la Casa Rosada un acuerdo para el proyecto urban\u00edstico que quiere desarrollar en la Estaci\u00f3n Mendoza<\/strong>.<\/p>\n\n\n\n<p>Suarez anunci\u00f3 que el convenio que se rubricar\u00e1 en las pr\u00f3ximas semanas&nbsp;<strong>permitir\u00e1 avanzar en la segunda etapa del proyecto<\/strong>. En este punto, el Gobierno nacional&nbsp;<strong>pondr\u00e1 en subasta los ex terrenos del ferrocarril.<\/strong><\/p>\n\n\n\n<p>La intenci\u00f3n de la municipalidad de Capital es avanzar con\u00a0<strong>un plan de inversi\u00f3n privada en las 24 hect\u00e1reas de Estaci\u00f3n Mendoza.<\/strong>\u00a0La primera etapa del proyecto ser\u00e1 la puesta en subasta a cargo de la\u00a0<strong>Agencia de Administraci\u00f3n de Bienes del Estado<\/strong>\u00a0(ABBE). El rol que tendr\u00e1 el municipio ser\u00e1 en controlar y revisar los planes de inversi\u00f3n.<\/p>\n\n\n\n<p>\u201c<em>La Ciudad est\u00e1 dando un paso a una etapa de profunda transformaci\u00f3n, que permitir\u00e1 el desarrollo de viviendas, comercios y oficinas, y que contar\u00e1 con un nuevo parque para todos los mendocinos, y la construcci\u00f3n de un centro de convenciones que necesita la provincia<\/em>\u201c, explic\u00f3 Su\u00e1rez.<\/p>\n\n\n\n<p>Una vez que se comiencen estas obras, Ciudad se encontrar\u00e1 en su m\u00e1ximo pico de inversi\u00f3n privada, grafic\u00f3 el intendente radical.<\/p>\n\n\n\n<p>\u201c<em>En el sector de construcci\u00f3n estamos con una proyecci\u00f3n de 500.000 m2 de constructibilidad, con la consecuente creaci\u00f3n de 9.500 empleos. Nuestro m\u00e1ximo pico desde 1961<\/em>\u201c, enfatiz\u00f3.<\/p>\n\n\n\n<p>Por otro lado, el dirigente radical se refiri\u00f3 a los dichos del ministro de Econom\u00eda,&nbsp;<strong>Luis Caputo<\/strong>, qui\u00e9n cuestion\u00f3 el aumento de la&nbsp;<strong>tasas municipales&nbsp;<\/strong>en todo el pa\u00eds.<\/p>\n\n\n\n<p>\u201c<em>Al ministro Caputo le decimos que cuente con nuestra experiencia de gesti\u00f3n respecto al manejo de las tasas municipales. Desde el inicio de mi gesti\u00f3n en el a\u00f1o 2019 las tasas aumentaron un 25% menos que la inflaci\u00f3n disminuyendo de hecho la presi\u00f3n tributaria municipal<\/em>\u201c, finaliz\u00f3 Su\u00e1rez.<\/p>\n\n\n\n<h2 class=\"wp-block-heading\" id=\"h-la-mesa-politica-mas-esperada-del-jueves\">La mesa pol\u00edtica m\u00e1s esperada del jueves<\/h2>\n\n\n\n<p>La primera jornada estar\u00e1 marcada por una mesa pol\u00edtica con fuertes perfiles del Congreso de la Naci\u00f3n. \u201c<em>Integraci\u00f3n pol\u00edtica: las cuestiones que no se discuten<\/em>\u201d es el panel que tendr\u00e1 a&nbsp;<strong>Ricardo L\u00f3pez Murphy, Miguel \u00c1ngel Pichetto, Juan Schiaretti y Mart\u00edn Tetaz.<\/strong><\/p>\n\n\n\n<p>En el panel de Coyuntura econ\u00f3mica estar\u00e1n&nbsp;<strong>Ramiro Casti\u00f1eira<\/strong>, director de la consultora Econom\u00e9trica y miembro del Consejo de Asesores de Javier Milei;<strong>&nbsp;Dante Sica<\/strong>, ex ministro de Producci\u00f3n y Trabajo de la Naci\u00f3n y el economista liberal&nbsp;<strong>Juan Carlos de Pablo<\/strong>, tambi\u00e9n de consulta del presidente.<\/p>\n\n\n\n<p>El cierre de la jornada estar\u00e1 a cargo de\u00a0<strong>Vladimir Werning, vicepresidente del Banco Central.<\/strong><\/p>\n\n\n\n<p><strong>Fuente: www.elsol.com.ar<\/strong><\/p>\n","protected":false},"excerpt":{"rendered":"<p>La 45\u00ba Convenci\u00f3n Anual de Ejecutivos de Finanzas\u00a0comenz\u00f3 en la tarde de este jueves en los salones del Sheraton Hotel, que tendr\u00e1 a importantes figuras pol\u00edticas y del mundo econ\u00f3mico.\u00a0El cierre ser\u00e1 este viernes y tendr\u00e1 a\u00a0Javier Milei, pero ya tiene un dato pol\u00edtico interesante: el intendente de la Ciudad de Mendoza,\u00a0Ulpiano Suarez, adelant\u00f3 que\u00a0pr\u00f3ximamente [&hellip;]<\/p>\n","protected":false},"author":2,"featured_media":9136,"comment_status":"open","ping_status":"open","sticky":false,"template":"","format":"standard","meta":[],"categories":[75],"tags":[],"_links":{"self":[{"href":"https:\/\/pasaenmendoza.com\/index.php?rest_route=\/wp\/v2\/posts\/9135"}],"collection":[{"href":"https:\/\/pasaenmendoza.com\/index.php?rest_route=\/wp\/v2\/posts"}],"about":[{"href":"https:\/\/pasaenmendoza.com\/index.php?rest_route=\/wp\/v2\/types\/post"}],"author":[{"embeddable":true,"href":"https:\/\/pasaenmendoza.com\/index.php?rest_route=\/wp\/v2\/users\/2"}],"replies":[{"embeddable":true,"href":"https:\/\/pasaenmendoza.com\/index.php?rest_route=%2Fwp%2Fv2%2Fcomments&post=9135"}],"version-history":[{"count":1,"href":"https:\/\/pasaenmendoza.com\/index.php?rest_route=\/wp\/v2\/posts\/9135\/revisions"}],"predecessor-version":[{"id":9137,"href":"https:\/\/pasaenmendoza.com\/index.php?rest_route=\/wp\/v2\/posts\/9135\/revisions\/9137"}],"wp:featuredmedia":[{"embeddable":true,"href":"https:\/\/pasaenmendoza.com\/index.php?rest_route=\/wp\/v2\/media\/9136"}],"wp:attachment":[{"href":"https:\/\/pasaenmendoza.com\/index.php?rest_route=%2Fwp%2Fv2%2Fmedia&parent=9135"}],"wp:term":[{"taxonomy":"category","embeddable":true,"href":"https:\/\/pasaenmendoza.com\/index.php?rest_route=%2Fwp%2Fv2%2Fcategories&post=9135"},{"taxonomy":"post_tag","embeddable":true,"href":"https:\/\/pasaenmendoza.com\/index.php?rest_route=%2Fwp%2Fv2%2Ftags&post=9135"}],"curies":[{"name":"wp","href":"https:\/\/api.w.org\/{rel}","templated":true}]}}