{"id":9138,"date":"2024-09-06T23:51:16","date_gmt":"2024-09-06T21:51:16","guid":{"rendered":"https:\/\/pasaenmendoza.com\/?p=9138"},"modified":"2024-09-06T23:51:17","modified_gmt":"2024-09-06T21:51:17","slug":"cornejo-pidio-que-las-proximas-reformas-impacten-principalmente-en-el-interior-productivo-del-pais","status":"publish","type":"post","link":"https:\/\/pasaenmendoza.com\/?p=9138","title":{"rendered":"Cornejo pidi\u00f3 que las pr\u00f3ximas reformas impacten principalmente en el interior productivo del pa\u00eds"},"content":{"rendered":"\n<p>El gobernador de Mendoza,\u00a0<strong>Alfredo Cornejo<\/strong>, valor\u00f3 los cambios que la Naci\u00f3n impulsa desde la<strong>\u00a0llegada de Javier Milei\u00a0<\/strong>pero pidi\u00f3 que las\u00a0<strong>reformas profundas, como la fiscal y la laboral,\u00a0<\/strong>&#8220;repercutan fuerte en el interior del pa\u00eds&#8221;.<\/p>\n\n\n\n<p>Durante su presentaci\u00f3n en la&nbsp;<strong>Convenci\u00f3n anual del IAEF<\/strong>, asegur\u00f3 que &#8220;la pol\u00edtica de Estado en Argentina durante 60 a\u00f1os fue tener d\u00e9ficit p\u00fablico&#8221; y que &#8220;revertir eso es un gran logro del gobierno nacional&#8221;.<\/p>\n\n\n\n<p>&#8220;Remar contra la corriente de un pa\u00eds que se acostumbr\u00f3 a vivir con d\u00e9ficit fiscal y que tenga apoyo social es un gran logro&#8221;, expres\u00f3 el gobernador mendocino, local en el evento que congreg\u00f3 a pol\u00edticos, funcionarios y empresarios de todo el pa\u00eds.<\/p>\n\n\n\n<p>&#8220;Varias provincias ya han hecho ese trabajo.&nbsp;<strong>Mendoza&nbsp;<\/strong>lo hizo por convicci\u00f3n y es un buen punto de inicio de este Gobierno&#8221;, agreg\u00f3.<\/p>\n\n\n\n<p>Pero tambi\u00e9n afirm\u00f3 que si bien esas son condiciones necesarias, no son suficientes y como tales se refiri\u00f3 a las&nbsp;<strong>reformas estructurales<\/strong>&nbsp;que faltan, que &#8220;tienen que darse con un alto consenso pol\u00edtico y tienen que mover el&nbsp;<strong>interior&nbsp;<\/strong>del pa\u00eds, que es donde est\u00e1 el aparato productivo; no en&nbsp;<strong>CABA<\/strong>&#8220;.<\/p>\n\n\n\n<p>E insisti\u00f3: &#8220;Es all\u00ed donde necesitamos que repercutan fuerte esas reformas&#8221;.<\/p>\n\n\n\n<h2 class=\"wp-block-heading\">Cornejo volvi\u00f3 a reclamar la eliminaci\u00f3n del impuesto a los combustibles<\/h2>\n\n\n\n<p>&#8220;Entre las<strong>&nbsp;reformas estructurales<\/strong>&nbsp;que se necesitan est\u00e1 la fiscal&#8221;, dijo Cornejo y ampli\u00f3: &#8220;Necesitamos simplificaci\u00f3n de impuestos y es una tarea que tiene que aprobar el Congreso con alto consenso. Y tambi\u00e9n se necesita una nueva relaci\u00f3n entre el fisco y las provincias&#8221;.<\/p>\n\n\n\n<p>El gobernador de Mendoza, que se present\u00f3 en la convenci\u00f3n junto a su par de Neuqu\u00e9n, Rolando Figueroa, plante\u00f3 como un impuesto da\u00f1ino al de<strong>\u00a0Ingresos Brutos<\/strong>, que cobran las provincias. &#8220;Venimos reduci\u00e9ndolo y lo ideal ser\u00eda ir hacia la eliminaci\u00f3n. Pero para eso deber\u00edamos reemplazarlo por otro impuesto que financie las actividades puramente estatales&#8221;.<\/p>\n\n\n\n<p>Y entonces, dijo Cornejo, ser\u00eda necesario un nuevo pacto entre el fisco y las provincias: &#8220;El gobierno nacional tiene que entender que a los servicios sustantivos del Estado los tienen que brindar las provincias (salud, administraci\u00f3n de Justicia, educaci\u00f3n y seguridad). Pero que&nbsp;<strong>son servicios sustantivos que el mercado no va a financiar<\/strong>&nbsp;y por eso deben estar financiados con impuestos genuinos, no distorsivos&#8221;.<\/p>\n\n\n\n<p>Reclam\u00f3 por ejemplo<strong>\u00a0que la Naci\u00f3n se desprenda del impuesto a los combustibles<\/strong>: &#8220;Se est\u00e1n eliminando los subsidios al transporte y est\u00e1 bien que lo subsidie el que quiera. Como nosotros, que queremos subsidiarlo y nos sentimos orgullosos de nuestro sistema, pero entonces que el gobierno nacional no cobre el impuesto al combustible que iba en parte para el subsidio&#8221;.<\/p>\n\n\n\n<p>Esa es una de las reformas que plante\u00f3 como necesaria, adem\u00e1s de la laboral que requieren las pymes.<\/p>\n\n\n\n<p>Y plante\u00f3 que<strong>&nbsp;Javier Milei<\/strong>, que no tiene mayor\u00eda en el Congreso, puede lograr el apoyo para hacerlas como lo hizo para la Ley Bases y el paquete fiscal: gracias a los gobernadores.<\/p>\n\n\n\n<p>&#8220;La mayor\u00eda de los\u00a0<strong>gobernadores\u00a0<\/strong>quiere colaborar con estas\u00a0<strong>reformas<\/strong>. Apalancado en nosotros, los gobiernos provinciales, creo que se pueden conseguir los consensos para estas reformas&#8221;.<\/p>\n\n\n\n<p><strong>Fuente: www.diariouno.com.ar<\/strong><\/p>\n","protected":false},"excerpt":{"rendered":"<p>El gobernador de Mendoza,\u00a0Alfredo Cornejo, valor\u00f3 los cambios que la Naci\u00f3n impulsa desde la\u00a0llegada de Javier Milei\u00a0pero pidi\u00f3 que las\u00a0reformas profundas, como la fiscal y la laboral,\u00a0&#8220;repercutan fuerte en el interior del pa\u00eds&#8221;. Durante su presentaci\u00f3n en la&nbsp;Convenci\u00f3n anual del IAEF, asegur\u00f3 que &#8220;la pol\u00edtica de Estado en Argentina durante 60 a\u00f1os fue tener d\u00e9ficit [&hellip;]<\/p>\n","protected":false},"author":2,"featured_media":9139,"comment_status":"open","ping_status":"open","sticky":false,"template":"","format":"standard","meta":[],"categories":[47],"tags":[],"_links":{"self":[{"href":"https:\/\/pasaenmendoza.com\/index.php?rest_route=\/wp\/v2\/posts\/9138"}],"collection":[{"href":"https:\/\/pasaenmendoza.com\/index.php?rest_route=\/wp\/v2\/posts"}],"about":[{"href":"https:\/\/pasaenmendoza.com\/index.php?rest_route=\/wp\/v2\/types\/post"}],"author":[{"embeddable":true,"href":"https:\/\/pasaenmendoza.com\/index.php?rest_route=\/wp\/v2\/users\/2"}],"replies":[{"embeddable":true,"href":"https:\/\/pasaenmendoza.com\/index.php?rest_route=%2Fwp%2Fv2%2Fcomments&post=9138"}],"version-history":[{"count":1,"href":"https:\/\/pasaenmendoza.com\/index.php?rest_route=\/wp\/v2\/posts\/9138\/revisions"}],"predecessor-version":[{"id":9140,"href":"https:\/\/pasaenmendoza.com\/index.php?rest_route=\/wp\/v2\/posts\/9138\/revisions\/9140"}],"wp:featuredmedia":[{"embeddable":true,"href":"https:\/\/pasaenmendoza.com\/index.php?rest_route=\/wp\/v2\/media\/9139"}],"wp:attachment":[{"href":"https:\/\/pasaenmendoza.com\/index.php?rest_route=%2Fwp%2Fv2%2Fmedia&parent=9138"}],"wp:term":[{"taxonomy":"category","embeddable":true,"href":"https:\/\/pasaenmendoza.com\/index.php?rest_route=%2Fwp%2Fv2%2Fcategories&post=9138"},{"taxonomy":"post_tag","embeddable":true,"href":"https:\/\/pasaenmendoza.com\/index.php?rest_route=%2Fwp%2Fv2%2Ftags&post=9138"}],"curies":[{"name":"wp","href":"https:\/\/api.w.org\/{rel}","templated":true}]}}