{"id":9141,"date":"2024-09-06T23:56:00","date_gmt":"2024-09-06T21:56:00","guid":{"rendered":"https:\/\/pasaenmendoza.com\/?p=9141"},"modified":"2024-09-06T23:56:01","modified_gmt":"2024-09-06T21:56:01","slug":"los-7-proyectos-mendocinos-ligados-al-vino-que-competiran-en-italia-para-ser-lo-mejor-del-enoturismo-mundial","status":"publish","type":"post","link":"https:\/\/pasaenmendoza.com\/?p=9141","title":{"rendered":"Los 7 proyectos mendocinos ligados al vino que competir\u00e1n en Italia para ser lo mejor del enoturismo mundial"},"content":{"rendered":"\n<p>Se concret\u00f3 la premiaci\u00f3n del certamen\u00a0<strong>Best of Mendoza&#8217;s Wine Tourism 2025<\/strong>. A\u00f1o a a\u00f1o las experiencias\u00a0<strong>tur\u00edsticas<\/strong>\u00a0vinculadas al mundo del vino en\u00a0<strong>Mendoza<\/strong>\u00a0se ponen a prueba en estos reconocimientos a la excelencia en\u00a0<strong>enoturismo.<\/strong>\u00a0Este jueves, 5 de septiembre, tuvo lugar la gala y se conocieron los flamantes ganadores; aquellos que se quedaron con los primeros puestos y se llevaron el oro viajar\u00e1n a competir a Verona, Italia.<\/p>\n\n\n\n<p>La gala cont\u00f3 con la presencia del gobernador\u00a0<strong>Alfredo Cornejo<\/strong>; junto a su par de Neuqu\u00e9n,\u00a0<strong>Rolando Figueroa<\/strong>; la presidente del Emetur, Gabriela Testa, la vicegobernadora, Hebe Casado; el intendente de Godoy Cruz, Diego Costarelli; el ministro de Producci\u00f3n, Rodolfo Vargas Arizu; y la titular de ProMendoza, Patricia Gim\u00e9nez.<\/p>\n\n\n\n<p><strong>Mendoza<\/strong>&nbsp;forma parte de la red de Grandes Capitales del Vino (Great Wine Capitals), algo que le permite seguir creciendo como regi\u00f3n vitivin\u00edcola y vincularse con aquellas m\u00e1s destacadas del mundo. Adem\u00e1s, pertenecer a este prestigioso conjunto de destinos de&nbsp;<strong>enoturismo<\/strong>&nbsp;le abre puertas a la provincia para posicionarse a nivel internacional.<\/p>\n\n\n\n<p>&#8220;Somos parte de esta red desde el a\u00f1o 2005 y hemos sostenido la presencia. No siempre se sostiene, hay ciudades que ingresan y salen.\u00a0<strong>Mendoza\u00a0<\/strong>desde entonces, a pesar de los cambios de gobierno y como una pol\u00edtica de Estado, ha sostenido esto que contribuye con la internacionalizaci\u00f3n de la marca Mendoza&#8221;, destac\u00f3, la presidente del Ente Mendoza Turismo,\u00a0<strong>Gabriela Testa<\/strong>.<\/p>\n\n\n\n<p>Adem\u00e1s, la titular del Emetur a\u00f1adi\u00f3 que este esfuerzo ayuda a promover el&nbsp;<strong>vino&nbsp;<\/strong>mendocino a nivel internacional. \u201cNos lleva a todo el mundo a trav\u00e9s de la exportaci\u00f3n f\u00edsica y a todos los ciudadanos que nos visitan como&nbsp;<strong>turistas<\/strong>, quienes se llevan en su recuerdo, en su olfato, en su vista los paisajes mendocinos y los vinos de la provincia\u201d.<\/p>\n\n\n\n<p>Este a\u00f1o el certamen tuvo r\u00e9cord de propuestas inscriptas, en total fueron 85 los anotados para concursar, entre hoteles, restaurantes y dem\u00e1s experiencias vinculadas al\u00a0<strong>enoturismo mendocino.<\/strong>\u00a0Esto demuestra el valor que se le da este tipo de cert\u00e1menes en nuestra provincia y el gran inter\u00e9s de las empresas y emprendedores que buscan tener un reconocimiento por su labor y aporte al\u00a0<strong>turismo<\/strong>\u00a0del\u00a0<strong>vino\u00a0<\/strong>en\u00a0<strong>Mendoza.<\/strong><\/p>\n\n\n\n<h3 class=\"wp-block-heading\">Alojamiento<\/h3>\n\n\n\n<ul>\n<li>Oro: La Morada Lodge<\/li>\n\n\n\n<li>Plata: Hualta Winery Hotel<\/li>\n\n\n\n<li>Bronce: Bodegas y Vi\u00f1edos Gimenez Riili<\/li>\n<\/ul>\n\n\n\n<h3 class=\"wp-block-heading\">Experiencias culinarias<\/h3>\n\n\n\n<ul>\n<li>Oro: Bodega Alta Vista &#8211; Restaurante Assemblage<\/li>\n\n\n\n<li>Plata: Aut\u00e9ntico Cocina Contempor\u00e1nea<\/li>\n\n\n\n<li>Bronce: Durigutti Wine Makers<\/li>\n<\/ul>\n\n\n\n<h3 class=\"wp-block-heading\">Servicios relacionados al turismo vitivin\u00edcola<\/h3>\n\n\n\n<ul>\n<li>Oro: Bee Experience<\/li>\n\n\n\n<li>Plata: Wine Pass<\/li>\n\n\n\n<li>Bronce: Mendoza Balloons<\/li>\n<\/ul>\n\n\n\n<h3 class=\"wp-block-heading\">Arquitectura y paisajes<\/h3>\n\n\n\n<ul>\n<li>Oro: Penedo Borges<\/li>\n\n\n\n<li>Plata: Savia Cocina Casarena<\/li>\n\n\n\n<li>Bronce: Vi\u00f1a Cobos<\/li>\n<\/ul>\n\n\n\n<h3 class=\"wp-block-heading\">Arte y cultura<\/h3>\n\n\n\n<ul>\n<li>Oro: Mendoza Wine Fair 2024<\/li>\n\n\n\n<li>Plata: Museo Tapiz<\/li>\n\n\n\n<li>Bronce: Municipalidad Ciudad de Mendoza<\/li>\n<\/ul>\n\n\n\n<h3 class=\"wp-block-heading\">Experiencias innovadoras al turismo vitivin\u00edcola<\/h3>\n\n\n\n<ul>\n<li>Oro: Estaci\u00f3n 83 &#8211; Bodega Trapiche<\/li>\n\n\n\n<li>Plata: Bodega Kaiken<\/li>\n\n\n\n<li>Bronce: Bodega Mauricio Lorca<\/li>\n<\/ul>\n\n\n\n<h3 class=\"wp-block-heading\">Pr\u00e1cticas sustentables<\/h3>\n\n\n\n<ul>\n<li>Oro: Bodega Terraza de Los Andes<\/li>\n\n\n\n<li>Plata: Durigutti Wine Makers<\/li>\n\n\n\n<li>Bronce: Aut\u00e9ntico Chacayes<\/li>\n<\/ul>\n\n\n\n<h3 class=\"wp-block-heading\">Peque\u00f1as bodegas (local)<\/h3>\n\n\n\n<ul>\n<li>Oro: Penedo Borges<\/li>\n\n\n\n<li>Plata: Hacienda del Plata<\/li>\n<\/ul>\n\n\n\n<h2 class=\"wp-block-heading\">Mendoza: Capital Mundial del Vino desde 2005<\/h2>\n\n\n\n<p><strong>Mendoza&nbsp;<\/strong>conforma esta prestigiosa red desde el a\u00f1o 2005. Desde su participaci\u00f3n en este grupo la provincia ha trabajado con mayor esmero para elevar sus est\u00e1ndares de calidad y as\u00ed poder competir con el resto de las capitales mundiales, muchas de ellas con varias d\u00e9cadas al servicio del&nbsp;<strong>enoturismo<\/strong>.<\/p>\n\n\n\n<p>La&nbsp;<strong>Great Wine Capital<\/strong>&nbsp;es la \u00fanica red que incluye a los llamados \u201cviejo\u201d y \u201cnuevo\u201d mundo del vino; su objetivo es promover el turismo, la cultura y el intercambio comercial entre las internacionalmente reconocidas ciudades y regiones.<\/p>\n\n\n\n<p>Actualmente son 12 las regiones vitivin\u00edcolas de renombre mundial las que forman parte de esta red. Adem\u00e1s de\u00a0<strong>Mendoza<\/strong>, las capitales son: Adelaida, Australia; Bilbao\/Rioja, Espa\u00f1a; Burdeos, Francia; Lausana, Suiza; Mainz\/Rheinhessen, Alemania; Porto, Portugal; San Francisco\/Napa Valley, Estados Unidos; Valpara\u00edso\/Valle de Casablanca, Chile; Verona, Italia; Cape Town\/Cape Winelands, Sud\u00e1frica; y Hawke\u2019s Bay, Nueva Zelanda.<\/p>\n\n\n\n<p><strong>Fuente: www.diariouno.com.ar<\/strong><\/p>\n","protected":false},"excerpt":{"rendered":"<p>Se concret\u00f3 la premiaci\u00f3n del certamen\u00a0Best of Mendoza&#8217;s Wine Tourism 2025. A\u00f1o a a\u00f1o las experiencias\u00a0tur\u00edsticas\u00a0vinculadas al mundo del vino en\u00a0Mendoza\u00a0se ponen a prueba en estos reconocimientos a la excelencia en\u00a0enoturismo.\u00a0Este jueves, 5 de septiembre, tuvo lugar la gala y se conocieron los flamantes ganadores; aquellos que se quedaron con los primeros puestos y se [&hellip;]<\/p>\n","protected":false},"author":2,"featured_media":9142,"comment_status":"open","ping_status":"open","sticky":false,"template":"","format":"standard","meta":[],"categories":[50],"tags":[],"_links":{"self":[{"href":"https:\/\/pasaenmendoza.com\/index.php?rest_route=\/wp\/v2\/posts\/9141"}],"collection":[{"href":"https:\/\/pasaenmendoza.com\/index.php?rest_route=\/wp\/v2\/posts"}],"about":[{"href":"https:\/\/pasaenmendoza.com\/index.php?rest_route=\/wp\/v2\/types\/post"}],"author":[{"embeddable":true,"href":"https:\/\/pasaenmendoza.com\/index.php?rest_route=\/wp\/v2\/users\/2"}],"replies":[{"embeddable":true,"href":"https:\/\/pasaenmendoza.com\/index.php?rest_route=%2Fwp%2Fv2%2Fcomments&post=9141"}],"version-history":[{"count":1,"href":"https:\/\/pasaenmendoza.com\/index.php?rest_route=\/wp\/v2\/posts\/9141\/revisions"}],"predecessor-version":[{"id":9143,"href":"https:\/\/pasaenmendoza.com\/index.php?rest_route=\/wp\/v2\/posts\/9141\/revisions\/9143"}],"wp:featuredmedia":[{"embeddable":true,"href":"https:\/\/pasaenmendoza.com\/index.php?rest_route=\/wp\/v2\/media\/9142"}],"wp:attachment":[{"href":"https:\/\/pasaenmendoza.com\/index.php?rest_route=%2Fwp%2Fv2%2Fmedia&parent=9141"}],"wp:term":[{"taxonomy":"category","embeddable":true,"href":"https:\/\/pasaenmendoza.com\/index.php?rest_route=%2Fwp%2Fv2%2Fcategories&post=9141"},{"taxonomy":"post_tag","embeddable":true,"href":"https:\/\/pasaenmendoza.com\/index.php?rest_route=%2Fwp%2Fv2%2Ftags&post=9141"}],"curies":[{"name":"wp","href":"https:\/\/api.w.org\/{rel}","templated":true}]}}