{"id":9144,"date":"2024-09-07T00:02:12","date_gmt":"2024-09-06T22:02:12","guid":{"rendered":"https:\/\/pasaenmendoza.com\/?p=9144"},"modified":"2024-09-07T00:02:13","modified_gmt":"2024-09-06T22:02:13","slug":"javier-milei-en-mendoza-asi-es-el-estricto-protocolo-de-seguridad-en-el-hotel-donde-le-respondera-a-cristina","status":"publish","type":"post","link":"https:\/\/pasaenmendoza.com\/?p=9144","title":{"rendered":"Javier Milei en Mendoza: as\u00ed es el estricto protocolo de seguridad en el hotel donde le responder\u00e1 a Cristina"},"content":{"rendered":"\n<p>El presidente\u00a0<strong>Javier Milei<\/strong>, dar\u00e1 en Mendoza su discurso de\u00a0cierre de la \u00a045\u00b0 Convenci\u00f3n del Instituto Argentino de Ejecutivos de Finanzas (IAEF). Previo al comienzo de su disertaci\u00f3n, que usar\u00e1 para responder en su controversia con Cristina Fern\u00e1ndez de Kirchner, las Fuerzas Especiales de Seguridad llevaron adelante un operativo que cuenta con una serie de requisitos para aquellos que quieren escuchar al mandatario.<\/p>\n\n\n\n<p>Milei llegar\u00e1 a Mendoza pasada las 18 y en el aeropuerto lo recibir\u00e1 el gobernador\u00a0<strong>Alfredo Cornejo.<\/strong>\u00a0Durante su despliegue,\u00a0la Polic\u00eda Federal desplegar\u00e1 un operativo para custodiar al mandatario presidencial\u00a0hasta el Hotel Sheraton, lugar donde se realiza la convenci\u00f3n de finanzas.<\/p>\n\n\n\n<p>En este hotel, hay m\u00e1s de 200 empresarios financieros, funcionarios p\u00fablicos como provinciales y otras autoridades. Pero antes de ingresar al sal\u00f3n debieron pasar por una serie de controles que estableci\u00f3 Protocolo de Presidencia como la propia fuerza policial federal.<\/p>\n\n\n\n<p>Los acreditados ingresaron por la \u00faltima puerta del sal\u00f3n. Los otros dos ingresos que cuenta el establecimiento se clausuraron. Antes, debieron presentar su credencial y pasar por un detector de metales. El paso siguiente fue una requisa realizada por efectivos policiales o de Gendarmer\u00eda. Por \u00faltimo, se hizo un scaning biom\u00e9trico.<\/p>\n\n\n\n<p>Por otro lado, desde el protocolo del evento afirmaron que en las cinco mesas de la primera fila s\u00f3lo se podr\u00e1n sentar funcionarios p\u00fablicos, nacionales y provinciales. Antes del comienzo del panel que dar\u00e1 Milei, las fuerzas de Seguridad pedir\u00e1n evacuar el sal\u00f3n para realizar un \u00faltimo control en las instalaciones.<\/p>\n\n\n\n<h2 class=\"wp-block-heading\" id=\"h-cortes-de-calle-en-ciudad\">Cortes de calle en Ciudad<\/h2>\n\n\n\n<p>Desde este viernes, el municipio de Ciudad realiz\u00f3 una serie de cortes de calles a pedido de la Polic\u00eda Federal debido a la llegada de Milei a la Provincia. Las intersecciones que estar\u00e1n cortadas ser\u00e1n:<\/p>\n\n\n\n<ul>\n<li>Corte total de calle&nbsp;<strong>Amigorena&nbsp;<\/strong>en intersecci\u00f3n con San Mart\u00edn: s\u00f3lo podr\u00e1n ingresar con la autorizaci\u00f3n policial los clientes de ACA y pasajeros de Hotel Cervantes a la playa de estacionamiento por calle Amigorena (tramo con circulaci\u00f3n E-O y viceversa para retomar calle San Mart\u00edn).<\/li>\n\n\n\n<li>Corte total de calle<strong>&nbsp;Primitivo de la Reta<\/strong>&nbsp;en intersecci\u00f3n con calle Alem.<\/li>\n<\/ul>\n\n\n\n<p>Por su parte, calles San Mart\u00edn y Alem tendr\u00e1n circulaci\u00f3n habilitada.<\/p>\n\n\n\n<p><strong>Fuente: www.elsol.com.ar<\/strong><\/p>\n","protected":false},"excerpt":{"rendered":"<p>El presidente\u00a0Javier Milei, dar\u00e1 en Mendoza su discurso de\u00a0cierre de la \u00a045\u00b0 Convenci\u00f3n del Instituto Argentino de Ejecutivos de Finanzas (IAEF). Previo al comienzo de su disertaci\u00f3n, que usar\u00e1 para responder en su controversia con Cristina Fern\u00e1ndez de Kirchner, las Fuerzas Especiales de Seguridad llevaron adelante un operativo que cuenta con una serie de requisitos [&hellip;]<\/p>\n","protected":false},"author":2,"featured_media":9145,"comment_status":"open","ping_status":"open","sticky":false,"template":"","format":"standard","meta":[],"categories":[47],"tags":[],"_links":{"self":[{"href":"https:\/\/pasaenmendoza.com\/index.php?rest_route=\/wp\/v2\/posts\/9144"}],"collection":[{"href":"https:\/\/pasaenmendoza.com\/index.php?rest_route=\/wp\/v2\/posts"}],"about":[{"href":"https:\/\/pasaenmendoza.com\/index.php?rest_route=\/wp\/v2\/types\/post"}],"author":[{"embeddable":true,"href":"https:\/\/pasaenmendoza.com\/index.php?rest_route=\/wp\/v2\/users\/2"}],"replies":[{"embeddable":true,"href":"https:\/\/pasaenmendoza.com\/index.php?rest_route=%2Fwp%2Fv2%2Fcomments&post=9144"}],"version-history":[{"count":1,"href":"https:\/\/pasaenmendoza.com\/index.php?rest_route=\/wp\/v2\/posts\/9144\/revisions"}],"predecessor-version":[{"id":9146,"href":"https:\/\/pasaenmendoza.com\/index.php?rest_route=\/wp\/v2\/posts\/9144\/revisions\/9146"}],"wp:featuredmedia":[{"embeddable":true,"href":"https:\/\/pasaenmendoza.com\/index.php?rest_route=\/wp\/v2\/media\/9145"}],"wp:attachment":[{"href":"https:\/\/pasaenmendoza.com\/index.php?rest_route=%2Fwp%2Fv2%2Fmedia&parent=9144"}],"wp:term":[{"taxonomy":"category","embeddable":true,"href":"https:\/\/pasaenmendoza.com\/index.php?rest_route=%2Fwp%2Fv2%2Fcategories&post=9144"},{"taxonomy":"post_tag","embeddable":true,"href":"https:\/\/pasaenmendoza.com\/index.php?rest_route=%2Fwp%2Fv2%2Ftags&post=9144"}],"curies":[{"name":"wp","href":"https:\/\/api.w.org\/{rel}","templated":true}]}}