{"id":9147,"date":"2024-09-07T00:05:44","date_gmt":"2024-09-06T22:05:44","guid":{"rendered":"https:\/\/pasaenmendoza.com\/?p=9147"},"modified":"2024-09-07T00:05:45","modified_gmt":"2024-09-06T22:05:45","slug":"mayores-de-25-anos-que-no-terminaron-el-secundario-podran-estudiar-una-carrera-los-requisitos","status":"publish","type":"post","link":"https:\/\/pasaenmendoza.com\/?p=9147","title":{"rendered":"Mayores de 25 a\u00f1os que no terminaron el Secundario podr\u00e1n estudiar una carrera: los requisitos"},"content":{"rendered":"\n<p><strong>La Direcci\u00f3n de Educaci\u00f3n Superior<\/strong>&nbsp;inform\u00f3 por medio de la circular N\u00ba 20 que comenz\u00f3 la inscripci\u00f3n para ingresar a institutos de educaci\u00f3n superior de gesti\u00f3n estatal o privada en el ciclo lectivo 2025, destinada a aspirantes&nbsp;<strong>mayores de 25 a\u00f1os que adeudan espacios curriculares del \u00faltimo a\u00f1o del nivel secundario.<\/strong><\/p>\n\n\n\n<p>La inscripci\u00f3n comenz\u00f3 el 2 de septiembre y se extiende hasta el 9 de noviembre y los requisitos son los siguientes:&nbsp;<\/p>\n\n\n\n<ul>\n<li>Tener 25 a\u00f1os cumplidos al momento de la inscripci\u00f3n.<\/li>\n\n\n\n<li>Poseer estudios primarios completos.<\/li>\n\n\n\n<li>Tener experiencia laboral.<\/li>\n\n\n\n<li>Preparaci\u00f3n acorde a la carrera elegida.<\/li>\n<\/ul>\n\n\n\n<p>El 4 de diciembre iniciar\u00e1n los talleres de acompa\u00f1amientos para los inscriptos y el 5 de marzo de 2025 ser\u00e1n los ex\u00e1menes jurisdiccionales para la validaci\u00f3n de saberes.<\/p>\n\n\n\n<p>Los interesados deben presentar fotocopia del DNI, CUIL y partida de nacimiento. Tambi\u00e9n deben presentar una carta dirigida al rector manifestando el inter\u00e9s de comenzar la carrera, certificado que acredite el nivel primario y un anal\u00edtico que certifique los espacios aprobados y los adeudados del nivel secundario. Adem\u00e1s deben presentar curr\u00edculum vitae.<\/p>\n\n\n\n<p>Haz\u00a0click\u00a0aqu\u00ed\u00a0para descargar la circular<\/p>\n\n\n\n<p><object data=\"https:\/\/newspack-elsol.s3.amazonaws.com\/wp-content\/uploads\/2024\/09\/if-2024-06380357-gdemza-cges-circular-n%C2%B0-20-desup-24-articulo-7mo.-ley-n%C2%B024521.-examen-jurisdiccional-para-mayores-de-25-anos.-organizacion-e-implementacion-de-acciones.pdf\" type=\"application\/pdf\"><\/object><\/p>\n\n\n\n<p><strong>Fuente: www.elsol.com.ar<\/strong><\/p>\n","protected":false},"excerpt":{"rendered":"<p>La Direcci\u00f3n de Educaci\u00f3n Superior&nbsp;inform\u00f3 por medio de la circular N\u00ba 20 que comenz\u00f3 la inscripci\u00f3n para ingresar a institutos de educaci\u00f3n superior de gesti\u00f3n estatal o privada en el ciclo lectivo 2025, destinada a aspirantes&nbsp;mayores de 25 a\u00f1os que adeudan espacios curriculares del \u00faltimo a\u00f1o del nivel secundario. La inscripci\u00f3n comenz\u00f3 el 2 de [&hellip;]<\/p>\n","protected":false},"author":2,"featured_media":9148,"comment_status":"open","ping_status":"open","sticky":false,"template":"","format":"standard","meta":[],"categories":[56],"tags":[],"_links":{"self":[{"href":"https:\/\/pasaenmendoza.com\/index.php?rest_route=\/wp\/v2\/posts\/9147"}],"collection":[{"href":"https:\/\/pasaenmendoza.com\/index.php?rest_route=\/wp\/v2\/posts"}],"about":[{"href":"https:\/\/pasaenmendoza.com\/index.php?rest_route=\/wp\/v2\/types\/post"}],"author":[{"embeddable":true,"href":"https:\/\/pasaenmendoza.com\/index.php?rest_route=\/wp\/v2\/users\/2"}],"replies":[{"embeddable":true,"href":"https:\/\/pasaenmendoza.com\/index.php?rest_route=%2Fwp%2Fv2%2Fcomments&post=9147"}],"version-history":[{"count":1,"href":"https:\/\/pasaenmendoza.com\/index.php?rest_route=\/wp\/v2\/posts\/9147\/revisions"}],"predecessor-version":[{"id":9149,"href":"https:\/\/pasaenmendoza.com\/index.php?rest_route=\/wp\/v2\/posts\/9147\/revisions\/9149"}],"wp:featuredmedia":[{"embeddable":true,"href":"https:\/\/pasaenmendoza.com\/index.php?rest_route=\/wp\/v2\/media\/9148"}],"wp:attachment":[{"href":"https:\/\/pasaenmendoza.com\/index.php?rest_route=%2Fwp%2Fv2%2Fmedia&parent=9147"}],"wp:term":[{"taxonomy":"category","embeddable":true,"href":"https:\/\/pasaenmendoza.com\/index.php?rest_route=%2Fwp%2Fv2%2Fcategories&post=9147"},{"taxonomy":"post_tag","embeddable":true,"href":"https:\/\/pasaenmendoza.com\/index.php?rest_route=%2Fwp%2Fv2%2Ftags&post=9147"}],"curies":[{"name":"wp","href":"https:\/\/api.w.org\/{rel}","templated":true}]}}