{"id":9153,"date":"2024-09-09T23:27:34","date_gmt":"2024-09-09T21:27:34","guid":{"rendered":"https:\/\/pasaenmendoza.com\/?p=9153"},"modified":"2024-09-09T23:27:35","modified_gmt":"2024-09-09T21:27:35","slug":"un-micro-del-grupo-300-provoco-un-accidente-en-las-heras-y-los-pasajeros-aseguraron-que-iba-sin-frenos","status":"publish","type":"post","link":"https:\/\/pasaenmendoza.com\/?p=9153","title":{"rendered":"Un micro del Grupo 300 provoc\u00f3 un accidente en Las Heras y los pasajeros aseguraron que iba sin frenos"},"content":{"rendered":"\n<p>Pasajeros de un micro del Grupo 300 que sali\u00f3 de\u00a0<strong>Lavalle\u00a0<\/strong>sufrieron heridas luego de un\u00a0<strong>accidente<\/strong>\u00a0con otro colectivo ocurrido en la mano Sur del\u00a0<strong>Acceso Norte<\/strong>, en\u00a0<strong>Las Heras<\/strong>. En el lugar se mont\u00f3 un amplio operativo con ambulancias del Servicio de Emergencias Coordinado, la Polic\u00eda y la Guardia Urbana de la comuna. Varias v\u00edctimas se\u00f1alaron que le obligaron al chofer a salir sin frenos.<\/p>\n\n\n\n<p>El\u00a0<strong>accidente\u00a0<\/strong>ocurri\u00f3 alrededor de las 9.30 de este lunes en la mano Sur del Acceso Norte y calle Independencia, de\u00a0<strong>Las Heras<\/strong>, donde un micro del Grupo 300 de la empresa Prestaciones, choc\u00f3 por detr\u00e1s a un auto y a otro colectivo que iba hacia\u00a0<strong>Maip\u00fa<\/strong>.<\/p>\n\n\n\n<p>Como consecuencia del&nbsp;<strong>accidente<\/strong>&nbsp;varios pasajeros sufrieron&nbsp;<strong>golpes&nbsp;<\/strong>y muchos de ellos sufrieron sangrado nasal. En pocos minutos lleg\u00f3 al lugar la Polic\u00eda, la Guardia Urbana de Las Heras y ambulancias del SEC que asistieron a las v\u00edctimas.<\/p>\n\n\n\n<p>Una pasajera que viajaba hacia la ciudad coment\u00f3, &#8220;El micro no ten\u00eda frenos. Salimos de\u00a0<strong>Lavalle sin frenos<\/strong>. Al chofer le llamaron y le dijeron que ten\u00eda que salir s\u00ed o s\u00ed. El micro sali\u00f3 m\u00e1s tarde por esto mismo y el chofer tuvo que salir igual&#8221;.<\/p>\n\n\n\n<p>Detall\u00f3 que al llegar al cruce de&nbsp;<strong>Acceso Norte<\/strong>&nbsp;y&nbsp;<strong>calle Independencia<\/strong>, el chofer no pudo frenar en el sem\u00e1foro y provoc\u00f3 el&nbsp;<strong>accidente<\/strong>: &#8220;No respondieron los frenos en el sem\u00e1foro. El chofer dijo que no ten\u00eda frenos y que todos se agarraran fuerte&#8221;.<\/p>\n\n\n\n<p>Las ambulancias asistieron a los heridos y algunos fueron\u00a0<strong>trasladados a hospitales<\/strong>\u00a0para su mejor atenci\u00f3n. Varias v\u00edctimas se\u00f1alaron que hace tiempo que la empresa Prestaciones tiene problemas con sus unidades.<\/p>\n\n\n\n<p><strong>Fuente: www.diariouno.com.ar<\/strong><\/p>\n","protected":false},"excerpt":{"rendered":"<p>Pasajeros de un micro del Grupo 300 que sali\u00f3 de\u00a0Lavalle\u00a0sufrieron heridas luego de un\u00a0accidente\u00a0con otro colectivo ocurrido en la mano Sur del\u00a0Acceso Norte, en\u00a0Las Heras. En el lugar se mont\u00f3 un amplio operativo con ambulancias del Servicio de Emergencias Coordinado, la Polic\u00eda y la Guardia Urbana de la comuna. Varias v\u00edctimas se\u00f1alaron que le obligaron [&hellip;]<\/p>\n","protected":false},"author":2,"featured_media":9154,"comment_status":"open","ping_status":"open","sticky":false,"template":"","format":"standard","meta":[],"categories":[48],"tags":[],"_links":{"self":[{"href":"https:\/\/pasaenmendoza.com\/index.php?rest_route=\/wp\/v2\/posts\/9153"}],"collection":[{"href":"https:\/\/pasaenmendoza.com\/index.php?rest_route=\/wp\/v2\/posts"}],"about":[{"href":"https:\/\/pasaenmendoza.com\/index.php?rest_route=\/wp\/v2\/types\/post"}],"author":[{"embeddable":true,"href":"https:\/\/pasaenmendoza.com\/index.php?rest_route=\/wp\/v2\/users\/2"}],"replies":[{"embeddable":true,"href":"https:\/\/pasaenmendoza.com\/index.php?rest_route=%2Fwp%2Fv2%2Fcomments&post=9153"}],"version-history":[{"count":1,"href":"https:\/\/pasaenmendoza.com\/index.php?rest_route=\/wp\/v2\/posts\/9153\/revisions"}],"predecessor-version":[{"id":9155,"href":"https:\/\/pasaenmendoza.com\/index.php?rest_route=\/wp\/v2\/posts\/9153\/revisions\/9155"}],"wp:featuredmedia":[{"embeddable":true,"href":"https:\/\/pasaenmendoza.com\/index.php?rest_route=\/wp\/v2\/media\/9154"}],"wp:attachment":[{"href":"https:\/\/pasaenmendoza.com\/index.php?rest_route=%2Fwp%2Fv2%2Fmedia&parent=9153"}],"wp:term":[{"taxonomy":"category","embeddable":true,"href":"https:\/\/pasaenmendoza.com\/index.php?rest_route=%2Fwp%2Fv2%2Fcategories&post=9153"},{"taxonomy":"post_tag","embeddable":true,"href":"https:\/\/pasaenmendoza.com\/index.php?rest_route=%2Fwp%2Fv2%2Ftags&post=9153"}],"curies":[{"name":"wp","href":"https:\/\/api.w.org\/{rel}","templated":true}]}}