{"id":916,"date":"2023-08-24T15:27:08","date_gmt":"2023-08-24T13:27:08","guid":{"rendered":"https:\/\/pasaenmendoza.com\/?p=916"},"modified":"2023-08-24T15:27:08","modified_gmt":"2023-08-24T13:27:08","slug":"nueva-marcha-piquetera-amenaza-con-complicar-el-transito-en-el-microcentro","status":"publish","type":"post","link":"https:\/\/pasaenmendoza.com\/?p=916","title":{"rendered":"Nueva marcha piquetera amenaza con complicar el tr\u00e1nsito en el microcentro"},"content":{"rendered":"\n<p>El&nbsp;<strong>Polo Obrero<\/strong>&nbsp;se&nbsp;<strong>manifestar\u00e1&nbsp;<\/strong>en las calles del&nbsp;<strong>centro mendocino<\/strong>&nbsp;este jueves para exigir mayor asistencia social por parte del Estado a los sectores populares.<mark>&nbsp;La concentraci\u00f3n comenzar\u00e1 a las 10.30 en la intersecci\u00f3n de Garibaldi y San Mart\u00edn<\/mark>.<\/p>\n\n\n\n<p>La movilizaci\u00f3n se realizar\u00e1 no s\u00f3lo en Mendoza, sino que tambi\u00e9n ocurrir\u00e1 en las principales ciudades del pa\u00eds.<\/p>\n\n\n\n<p>Desde la organizaci\u00f3n de la manifestaci\u00f3n aseguraron que a\u00fan no est\u00e1 definido el recorrido que tendr\u00e1 la marcha,\u00a0<mark>aunque el destino final ser\u00eda la Casa de Gobierno.<\/mark><\/p>\n\n\n\n<p>\u201c<em>Con una inflaci\u00f3n que se come los ingresos y agrava la falta de trabajo genuino para millones de personas, nuestro planteamiento frente a la situaci\u00f3n social es que la respuesta la tienen que dar los que gobiernan, el Estado y sus organismos como el Ministerio de Desarrollo Social. Por eso nos vamos a movilizar al ministerio para reclamar la asistencia alimentaria que hoy no est\u00e1n entregando<\/em>\u201c, se\u00f1ala un fragmento de un comunicado oficial.<\/p>\n\n\n\n<p>En la misma comunicaci\u00f3n, hicieron referencia a los intentos de saqueos ocurridos en los \u00faltimos d\u00edas en distintos puntos del pa\u00eds en donde<mark>&nbsp;aseguraron que no tienen participaci\u00f3n en los mismos y le cargaron la responsabilidad al Gobierno nacional<\/mark>.<\/p>\n\n\n\n<p>\u201c<em>Somos una fuerza que le quiere dar una respuesta organizada a esto y que entiende que la responsabilidad es del gobierno. Por eso desmentimos la circulaci\u00f3n de audios y escritos, totalmente antojadizos e interesados, que involucran al Polo Obrero y otras organizaciones en intentos de saqueo. Desmentimos rotundamente que esa sea la orientaci\u00f3n y la posici\u00f3n que tenemos las organizaciones que integramos la Unidad Piquetera<\/em>\u201c, explica el comunicado.<\/p>\n\n\n\n<p><strong>Fuente: www.elsol.com.ar<\/strong><\/p>\n","protected":false},"excerpt":{"rendered":"<p>El&nbsp;Polo Obrero&nbsp;se&nbsp;manifestar\u00e1&nbsp;en las calles del&nbsp;centro mendocino&nbsp;este jueves para exigir mayor asistencia social por parte del Estado a los sectores populares.&nbsp;La concentraci\u00f3n comenzar\u00e1 a las 10.30 en la intersecci\u00f3n de Garibaldi y San Mart\u00edn. La movilizaci\u00f3n se realizar\u00e1 no s\u00f3lo en Mendoza, sino que tambi\u00e9n ocurrir\u00e1 en las principales ciudades del pa\u00eds. Desde la organizaci\u00f3n de [&hellip;]<\/p>\n","protected":false},"author":2,"featured_media":917,"comment_status":"open","ping_status":"open","sticky":false,"template":"","format":"standard","meta":[],"categories":[50],"tags":[],"_links":{"self":[{"href":"https:\/\/pasaenmendoza.com\/index.php?rest_route=\/wp\/v2\/posts\/916"}],"collection":[{"href":"https:\/\/pasaenmendoza.com\/index.php?rest_route=\/wp\/v2\/posts"}],"about":[{"href":"https:\/\/pasaenmendoza.com\/index.php?rest_route=\/wp\/v2\/types\/post"}],"author":[{"embeddable":true,"href":"https:\/\/pasaenmendoza.com\/index.php?rest_route=\/wp\/v2\/users\/2"}],"replies":[{"embeddable":true,"href":"https:\/\/pasaenmendoza.com\/index.php?rest_route=%2Fwp%2Fv2%2Fcomments&post=916"}],"version-history":[{"count":1,"href":"https:\/\/pasaenmendoza.com\/index.php?rest_route=\/wp\/v2\/posts\/916\/revisions"}],"predecessor-version":[{"id":918,"href":"https:\/\/pasaenmendoza.com\/index.php?rest_route=\/wp\/v2\/posts\/916\/revisions\/918"}],"wp:featuredmedia":[{"embeddable":true,"href":"https:\/\/pasaenmendoza.com\/index.php?rest_route=\/wp\/v2\/media\/917"}],"wp:attachment":[{"href":"https:\/\/pasaenmendoza.com\/index.php?rest_route=%2Fwp%2Fv2%2Fmedia&parent=916"}],"wp:term":[{"taxonomy":"category","embeddable":true,"href":"https:\/\/pasaenmendoza.com\/index.php?rest_route=%2Fwp%2Fv2%2Fcategories&post=916"},{"taxonomy":"post_tag","embeddable":true,"href":"https:\/\/pasaenmendoza.com\/index.php?rest_route=%2Fwp%2Fv2%2Ftags&post=916"}],"curies":[{"name":"wp","href":"https:\/\/api.w.org\/{rel}","templated":true}]}}