{"id":9162,"date":"2024-09-10T23:28:59","date_gmt":"2024-09-10T21:28:59","guid":{"rendered":"https:\/\/pasaenmendoza.com\/?p=9162"},"modified":"2024-09-10T23:29:00","modified_gmt":"2024-09-10T21:29:00","slug":"informaron-el-cierre-del-paso-cristo-redentor-por-inestabilidad-que-afectara-el-lado-chileno","status":"publish","type":"post","link":"https:\/\/pasaenmendoza.com\/?p=9162","title":{"rendered":"Informaron el cierre del Paso Cristo Redentor por inestabilidad que afectar\u00e1 el lado chileno"},"content":{"rendered":"\n<p>Por el ingreso de un frente que provocar\u00e1 inestabilidad en la\u00a0<strong>alta monta\u00f1a<\/strong>, las autoridades del\u00a0<strong>Paso Cristo Redentor<\/strong>\u00a0informaron el\u00a0<strong>cierre\u00a0<\/strong>del cruce internacional para todo tipo de veh\u00edculos desde el mediod\u00eda de este martes. Indicaron que es de manera preventiva para evitar cualquier inconveniente con los viajeros en la\u00a0<strong>cordillera<\/strong>.<\/p>\n\n\n\n<p>Por medio de un comunicado informaron: &#8220;A partir de las\u00a0<strong>13 de este martes<\/strong>\u00a010 de septiembre el\u00a0<strong>Paso Internacional<\/strong>\u00a0cerrar\u00e1 preventivamente por un frente de inestabilidad principalmente en el sector chileno que condicionar\u00edan una transitabilidad segura&#8221;.<\/p>\n\n\n\n<p>Adem\u00e1s, indicaron: &#8220;En cierre de barrera se producir\u00e1 a partir de las 11 en&nbsp;<strong>Uspallata&nbsp;<\/strong>y en&nbsp;<strong>Guardia Vieja<\/strong>&nbsp;respectivamente&#8221;, por lo que los veh\u00edculos que lleguen despu\u00e9s de esa hora con intenciones de cruzar el&nbsp;<strong>Paso Cristo Redentor<\/strong>&nbsp;no podr\u00e1n hacerlo.<\/p>\n\n\n\n<p>El\u00a0<strong>Servicio Meteorol\u00f3gico Nacional\u00a0<\/strong>inform\u00f3 que la inestabilidad se instal\u00f3 en la\u00a0<strong>alta monta\u00f1a<\/strong>\u00a0desde la tarde del lunes y se va a extender hasta el mediod\u00eda del mi\u00e9rcoles.<\/p>\n\n\n\n<figure class=\"wp-block-image\"><img decoding=\"async\" src=\"https:\/\/media.diariouno.com.ar\/p\/c560b52058eca48b53a0cc55570102c4\/adjuntos\/298\/imagenes\/009\/402\/0009402522\/1200x0\/smart\/pronostico-del-tiempo-alta-montanajpg.jpg\" alt=\"Pron\u00f3stico del tiempo en el Paso Cristo Redentor seg\u00fan el Servicio Meteorol\u00f3gico Nacional.\" title=\"Pron\u00f3stico del tiempo en el Paso Cristo Redentor seg\u00fan el Servicio Meteorol\u00f3gico Nacional.\"\/><\/figure>\n\n\n\n<p>Pron\u00f3stico del tiempo en el Paso Cristo Redentor seg\u00fan el Servicio Meteorol\u00f3gico Nacional.<\/p>\n\n\n\n<p>Lo que indicaron las autoridades del&nbsp;<strong>Paso Cristo Redentor<\/strong>&nbsp;es que dicho temporal afectar\u00e1 m\u00e1s al sector chileno, donde se espera que las&nbsp;<strong>nevadas&nbsp;<\/strong>sean m\u00e1s intensas.<\/p>\n\n\n\n<p>Recomendaron chequear el estado del tiempo antes de viajar y verificar las condiciones en la alta monta\u00f1a, adem\u00e1s del estado del\u00a0<strong>paso a Chile<\/strong>. Adem\u00e1s, recordaron que es obligatoria la\u00a0<strong>portaci\u00f3n de cadenas<\/strong>.<\/p>\n\n\n\n<p><strong>Fuente: www.diariouno.com.ar<\/strong><\/p>\n\n\n\n<p><a rel=\"noreferrer noopener\" href=\"https:\/\/www.facebook.com\/dialog\/feed?app_id=161316767303985&amp;link=https%3A%2F%2Fwww.diariouno.com.ar%2Fsociedad%2Finformaron-el-cierre-del-paso-cristo-redentor-inestabilidad-que-afectara-el-lado-chileno-n1351375&amp;name=Informaron+el+cierre+del+Paso+Cristo+Redentor+por+inestabilidad+que+afectar%C3%A1+el+lado+chileno&amp;caption=Paso+Cristo+Redentor&amp;description=Los+coordinadores+del+Paso+Cristo+Redentor+definieron+cerrar+el+t%C3%BAnel+internacional+desde+este+martes+al+mediod%C3%ADa+debido+a+inestabilidad+en+la+alta+monta%C3%B1a&amp;redirect_uri=https%3A%2F%2Fwww.diariouno.com.ar%2Fsociedad%2Finformaron-el-cierre-del-paso-cristo-redentor-inestabilidad-que-afectara-el-lado-chileno-n1351375\" target=\"_blank\"><\/a><\/p>\n","protected":false},"excerpt":{"rendered":"<p>Por el ingreso de un frente que provocar\u00e1 inestabilidad en la\u00a0alta monta\u00f1a, las autoridades del\u00a0Paso Cristo Redentor\u00a0informaron el\u00a0cierre\u00a0del cruce internacional para todo tipo de veh\u00edculos desde el mediod\u00eda de este martes. Indicaron que es de manera preventiva para evitar cualquier inconveniente con los viajeros en la\u00a0cordillera. Por medio de un comunicado informaron: &#8220;A partir de [&hellip;]<\/p>\n","protected":false},"author":2,"featured_media":9163,"comment_status":"open","ping_status":"open","sticky":false,"template":"","format":"standard","meta":[],"categories":[52],"tags":[],"_links":{"self":[{"href":"https:\/\/pasaenmendoza.com\/index.php?rest_route=\/wp\/v2\/posts\/9162"}],"collection":[{"href":"https:\/\/pasaenmendoza.com\/index.php?rest_route=\/wp\/v2\/posts"}],"about":[{"href":"https:\/\/pasaenmendoza.com\/index.php?rest_route=\/wp\/v2\/types\/post"}],"author":[{"embeddable":true,"href":"https:\/\/pasaenmendoza.com\/index.php?rest_route=\/wp\/v2\/users\/2"}],"replies":[{"embeddable":true,"href":"https:\/\/pasaenmendoza.com\/index.php?rest_route=%2Fwp%2Fv2%2Fcomments&post=9162"}],"version-history":[{"count":1,"href":"https:\/\/pasaenmendoza.com\/index.php?rest_route=\/wp\/v2\/posts\/9162\/revisions"}],"predecessor-version":[{"id":9164,"href":"https:\/\/pasaenmendoza.com\/index.php?rest_route=\/wp\/v2\/posts\/9162\/revisions\/9164"}],"wp:featuredmedia":[{"embeddable":true,"href":"https:\/\/pasaenmendoza.com\/index.php?rest_route=\/wp\/v2\/media\/9163"}],"wp:attachment":[{"href":"https:\/\/pasaenmendoza.com\/index.php?rest_route=%2Fwp%2Fv2%2Fmedia&parent=9162"}],"wp:term":[{"taxonomy":"category","embeddable":true,"href":"https:\/\/pasaenmendoza.com\/index.php?rest_route=%2Fwp%2Fv2%2Fcategories&post=9162"},{"taxonomy":"post_tag","embeddable":true,"href":"https:\/\/pasaenmendoza.com\/index.php?rest_route=%2Fwp%2Fv2%2Ftags&post=9162"}],"curies":[{"name":"wp","href":"https:\/\/api.w.org\/{rel}","templated":true}]}}