{"id":9176,"date":"2024-09-11T23:33:37","date_gmt":"2024-09-11T21:33:37","guid":{"rendered":"https:\/\/pasaenmendoza.com\/?p=9176"},"modified":"2024-09-11T23:33:38","modified_gmt":"2024-09-11T21:33:38","slug":"la-ucr-de-mendoza-no-acompano-el-veto-a-las-jubilaciones-y-arrieta-al-final-se-abstuvo","status":"publish","type":"post","link":"https:\/\/pasaenmendoza.com\/?p=9176","title":{"rendered":"La UCR de Mendoza no acompa\u00f1\u00f3 el veto a las jubilaciones y Arrieta al final se abstuvo"},"content":{"rendered":"\n<p>En una sesi\u00f3n en donde rein\u00f3 un clima de tensi\u00f3n en la C\u00e1mara de Diputados, el oficialismo y sus aliados lograron torcerle el brazo a un amplio sector de la oposici\u00f3n, que\u00a0<strong>no logr\u00f3 reunir los dos tercios de los votos<\/strong>\u00a0para insistir en la ley que pretend\u00eda una<strong>\u00a0mejora en los haberes jubilatorios<\/strong>.<\/p>\n\n\n\n<p>La votaci\u00f3n arroj\u00f3 este mi\u00e9rcoles&nbsp;<strong>153 votos a favor de insistir con la norma, frente a 87 negativos y 8 abstenciones<\/strong>.<\/p>\n\n\n\n<p>El radicalismo mendocino, a pesar de las especulaciones con dos de sus diputados, vot\u00f3 en bloque a favor de los cambios en los haberes de los jubilados, al igual que el peronismo. Mientras que la\u00a0<strong>diputada Lourdes Arrieta\u00a0<\/strong>(que fue expulsada de la Libertad Avanza y cre\u00f3 un monobloque)<strong>\u00a0se abstuvo<\/strong>. La mendocina hab\u00eda adelantado que se iba a expresar en contra.<\/p>\n\n\n\n<p>Los \u00fanicos que acompa\u00f1aron el veto del presidente Javier Milei fueron los tres diputados de la Libertad Avanza, Mercedes Llano, Facundo Correa Llano y \u00c1lvaro Mart\u00ednez.<\/p>\n\n\n\n<h2 class=\"wp-block-heading\"><strong>C\u00f3mo votaron los diputados mendocinos el veto a las jubilaciones<\/strong><\/h2>\n\n\n\n<p>Los diputados de&nbsp;<strong>Uni\u00f3n por la Patria<\/strong>, Adolfo Bermejo, Mart\u00edn Aveiro y Liliana Paponet ya se hab\u00edan expresado a favor de un aumento en el c\u00e1lculo para las jubilaciones. Y horas antes de la sesi\u00f3n en la C\u00e1mara de Diputados lo ratificaron con un comunicado.<\/p>\n\n\n\n<p>&#8220;Nuestros legisladores nacionales por el PJ van a votar a favor de los jubilados. Esperemos que los legisladores nacionales que representan los intereses de los mendocinos de todos los partidos pol\u00edticos, hagan lo mismo en defensa de los jubilados y pensionados mendocinos&#8221;, presionaban este martes en la noche.<\/p>\n\n\n\n<p>La senadora Anabel Fer\u00e1ndez Sagasti cuestion\u00f3 el viernes pasado al gobernador de Mendoza, Alfredo Cornejo quien recibi\u00f3 al presidente Javier Milei en la provincia, a prop\u00f3sito de un foro de inversores y lo cruz\u00f3 por las pol\u00edticas de ajuste del libertario y el veto del aumento a los jubilados.<\/p>\n\n\n\n<h2 class=\"wp-block-heading\"><strong>La especulaci\u00f3n por el voto de los radicales Verasay y Nieri<\/strong><\/h2>\n\n\n\n<p>Hasta el momento previo de la votaci\u00f3n, se especulaba de que los radicales Pamela Verasay y Lisandro Nieri iban a votar en consonancia con los libertarios. Las sospechas se abonaban por el acercamiento y el aval de las pol\u00edticas de Javier Milei por parte del gobernador Cornejo.<\/p>\n\n\n\n<p>Sin embargo, junto a Julio Cobos ratificaron su voluntad de una recuperaci\u00f3n de los haberes jubilatorios.<\/p>\n\n\n\n<p>En la l\u00ednea del peronismo, votaron de manera afirmativa en medio del caos fuera del Congreso de la Naci\u00f3n.<\/p>\n\n\n\n<h2 class=\"wp-block-heading\"><strong>Lourdes Arrieta amag\u00f3 el voto negativo y se abstuvo al final<\/strong><\/h2>\n\n\n\n<p>La diputada que cre\u00f3 el monobloque las Fuerzas del Cielo, luego de su salida abrupta de la Libertad Avanza y de mandar al frente a medio bloque por la visita a los genocidas se abstuvo en la votaci\u00f3n por la movilidad jubilatoria.<\/p>\n\n\n\n<p>En su debut fuera del bloque de La Libertad Avanza, la mendocina&nbsp;<strong>Lourdes Arrieta<\/strong>&nbsp;expres\u00f3 que \u201clos jubilados no pueden ser considerados pasivos fiscales\u201d, y arremeti\u00f3 contra el oficialismo al recordar que cuando milit\u00f3 para dicho espacio \u201cfue bancando a nuestro presidente y creyendo que el&nbsp;<strong>ajuste iba a ser para la casta, pero no para los jubilados<\/strong>\u201d.<\/p>\n\n\n\n<h2 class=\"wp-block-heading\"><strong>El comunicado del presidente Javier Milei tras blindar el veto a la ley jubilatoria<\/strong><\/h2>\n\n\n\n<p>El presidente Javier Milei emiti\u00f3 un comunicado a trav\u00e9s de la red social X (ex Twitter) en donde felicit\u00f3 a los diputados que ratificaron el veto a los cambios a la movilidad jubilatoria.<\/p>\n\n\n\n<p>&#8220;La oficina del Presidente destaca la labor patri\u00f3tica de los 87 diputados nacionales que impidieron a un grupo de irresponsables adoptar medidas populistas que habr\u00edan quebrado las arcas p\u00fablicas&#8221;, reza el parte de prensa.<\/p>\n\n\n\n<p>En otras l\u00edneas, el gobierno de Milei manifest\u00f3 que &#8220;la inflaci\u00f3n es un impuesto no legislado que afecta diez veces m\u00e1s a los pobres y ha sido la principal causa de la pulverizaci\u00f3n de los ingresos de los jubilados. En otras palabras, esta medida significaba pan para hoy y hambre para ma\u00f1ana&#8221;.<\/p>\n\n\n\n<p><strong>Fuente: www.diariouno.com.ar<\/strong><\/p>\n","protected":false},"excerpt":{"rendered":"<p>En una sesi\u00f3n en donde rein\u00f3 un clima de tensi\u00f3n en la C\u00e1mara de Diputados, el oficialismo y sus aliados lograron torcerle el brazo a un amplio sector de la oposici\u00f3n, que\u00a0no logr\u00f3 reunir los dos tercios de los votos\u00a0para insistir en la ley que pretend\u00eda una\u00a0mejora en los haberes jubilatorios. La votaci\u00f3n arroj\u00f3 este [&hellip;]<\/p>\n","protected":false},"author":2,"featured_media":9179,"comment_status":"open","ping_status":"open","sticky":false,"template":"","format":"standard","meta":[],"categories":[47],"tags":[],"_links":{"self":[{"href":"https:\/\/pasaenmendoza.com\/index.php?rest_route=\/wp\/v2\/posts\/9176"}],"collection":[{"href":"https:\/\/pasaenmendoza.com\/index.php?rest_route=\/wp\/v2\/posts"}],"about":[{"href":"https:\/\/pasaenmendoza.com\/index.php?rest_route=\/wp\/v2\/types\/post"}],"author":[{"embeddable":true,"href":"https:\/\/pasaenmendoza.com\/index.php?rest_route=\/wp\/v2\/users\/2"}],"replies":[{"embeddable":true,"href":"https:\/\/pasaenmendoza.com\/index.php?rest_route=%2Fwp%2Fv2%2Fcomments&post=9176"}],"version-history":[{"count":1,"href":"https:\/\/pasaenmendoza.com\/index.php?rest_route=\/wp\/v2\/posts\/9176\/revisions"}],"predecessor-version":[{"id":9180,"href":"https:\/\/pasaenmendoza.com\/index.php?rest_route=\/wp\/v2\/posts\/9176\/revisions\/9180"}],"wp:featuredmedia":[{"embeddable":true,"href":"https:\/\/pasaenmendoza.com\/index.php?rest_route=\/wp\/v2\/media\/9179"}],"wp:attachment":[{"href":"https:\/\/pasaenmendoza.com\/index.php?rest_route=%2Fwp%2Fv2%2Fmedia&parent=9176"}],"wp:term":[{"taxonomy":"category","embeddable":true,"href":"https:\/\/pasaenmendoza.com\/index.php?rest_route=%2Fwp%2Fv2%2Fcategories&post=9176"},{"taxonomy":"post_tag","embeddable":true,"href":"https:\/\/pasaenmendoza.com\/index.php?rest_route=%2Fwp%2Fv2%2Ftags&post=9176"}],"curies":[{"name":"wp","href":"https:\/\/api.w.org\/{rel}","templated":true}]}}