{"id":9181,"date":"2024-09-11T23:36:51","date_gmt":"2024-09-11T21:36:51","guid":{"rendered":"https:\/\/pasaenmendoza.com\/?p=9181"},"modified":"2024-09-11T23:36:52","modified_gmt":"2024-09-11T21:36:52","slug":"la-inflacion-en-mendoza-aumento-al-46-en-agosto-y-supero-a-la-nacional","status":"publish","type":"post","link":"https:\/\/pasaenmendoza.com\/?p=9181","title":{"rendered":"La inflaci\u00f3n en Mendoza aument\u00f3 al 4,6% en agosto y super\u00f3 a la nacional"},"content":{"rendered":"\n<p>La\u00a0<strong>inflaci\u00f3n en Mendoza<\/strong>\u00a0durante agosto fue del 4,6% en comparaci\u00f3n con la de julio, que alcanz\u00f3 el 4%, seg\u00fan inform\u00f3 este mi\u00e9rcoles la Direcci\u00f3n de Estad\u00edsticas e Investigaciones Econ\u00f3micas\u00a0<strong>(DEIE)\u00a0<\/strong>del Ministerio de Econom\u00eda. En cuanto a la inflaci\u00f3n nacional, el costo de vida subi\u00f3 al 4,2% de acuerdo con el Instituto Nacional de Estad\u00edstica y Censos(<strong>\u00a0INDEC<\/strong><a rel=\"noreferrer noopener\" href=\"https:\/\/www.diariouno.com.ar\/tags\/indec\" target=\"_blank\">).<\/a><\/p>\n\n\n\n<p>La&nbsp;<strong>inflaci\u00f3n acumulada en Mendoza&nbsp;<\/strong>en el 2024 lleg\u00f3 al 88,2%: de agosto de 2023 a julio de 2024 el IPC (\u00cdndice de Precios al Consumidor) alcanz\u00f3 el 238,9%.<\/p>\n\n\n\n<p>A nivel nacional, la inflaci\u00f3n de agosto fue del 4,2%, inferior que la de Mendoza, y la interanual fue del 236,7% interanual, un n\u00famero m\u00e1s alto de lo esperado por el gobierno, que esperaba romper el techo del 4%.<\/p>\n\n\n\n<h2 class=\"wp-block-heading\">Los rubros que m\u00e1s aumentaron en Mendoza<\/h2>\n\n\n\n<p>En agosto, el rubro que m\u00e1s aument\u00f3 en la provincia fue el de Vivienda y Servicios b\u00e1sicos: 12,6%. Mientras, Alimentos y bebidas super\u00f3 el 6,1% y Atenci\u00f3n y gastos para la salud,que lleg\u00f3 al 3,88%<\/p>\n\n\n\n<p>En cuanto a la suba acumulada durante el 2024, Viviendas y Servicios b\u00e1sicos se increment\u00f3 el 191,6%, Transporte y Telecomunicaciones el 107,5% y Otros bienes y servicios, el 125%. Cabe destacar que en este \u00faltimo rubro se tiene en cuenta el incremento de los combustibles.<\/p>\n\n\n\n<p>Acerca de los rubros que m\u00e1s aumentaron comparando agosto del 2023 con agosto del 2024, fueron Otros bienes y servicios, cuya variaci\u00f3n fue del 288%, Transporte, que subi\u00f3 266% y Equipamiento y mantenimiento del hogar, que se increment\u00f3 245%.<\/p>\n\n\n\n<h2 class=\"wp-block-heading\">Una inflaci\u00f3n nacional estancada<\/h2>\n\n\n\n<p>Si bien las principales consultoras del pa\u00eds esperaban una inflaci\u00f3n inferior, cerca del 3,7%, el gobierno nacional no pudo lograr este objetivo.<\/p>\n\n\n\n<p>Sin embargo, desde mayo a esta parte, la variaci\u00f3n de precios se ubica entre el 4% y el 4,6% por lo que se considera estancada en este nivel.<\/p>\n\n\n\n<p><strong>Fuente: www.diariouno.com.ar<\/strong><\/p>\n","protected":false},"excerpt":{"rendered":"<p>La\u00a0inflaci\u00f3n en Mendoza\u00a0durante agosto fue del 4,6% en comparaci\u00f3n con la de julio, que alcanz\u00f3 el 4%, seg\u00fan inform\u00f3 este mi\u00e9rcoles la Direcci\u00f3n de Estad\u00edsticas e Investigaciones Econ\u00f3micas\u00a0(DEIE)\u00a0del Ministerio de Econom\u00eda. En cuanto a la inflaci\u00f3n nacional, el costo de vida subi\u00f3 al 4,2% de acuerdo con el Instituto Nacional de Estad\u00edstica y Censos(\u00a0INDEC). La&nbsp;inflaci\u00f3n [&hellip;]<\/p>\n","protected":false},"author":2,"featured_media":9182,"comment_status":"open","ping_status":"open","sticky":false,"template":"","format":"standard","meta":[],"categories":[73],"tags":[],"_links":{"self":[{"href":"https:\/\/pasaenmendoza.com\/index.php?rest_route=\/wp\/v2\/posts\/9181"}],"collection":[{"href":"https:\/\/pasaenmendoza.com\/index.php?rest_route=\/wp\/v2\/posts"}],"about":[{"href":"https:\/\/pasaenmendoza.com\/index.php?rest_route=\/wp\/v2\/types\/post"}],"author":[{"embeddable":true,"href":"https:\/\/pasaenmendoza.com\/index.php?rest_route=\/wp\/v2\/users\/2"}],"replies":[{"embeddable":true,"href":"https:\/\/pasaenmendoza.com\/index.php?rest_route=%2Fwp%2Fv2%2Fcomments&post=9181"}],"version-history":[{"count":1,"href":"https:\/\/pasaenmendoza.com\/index.php?rest_route=\/wp\/v2\/posts\/9181\/revisions"}],"predecessor-version":[{"id":9183,"href":"https:\/\/pasaenmendoza.com\/index.php?rest_route=\/wp\/v2\/posts\/9181\/revisions\/9183"}],"wp:featuredmedia":[{"embeddable":true,"href":"https:\/\/pasaenmendoza.com\/index.php?rest_route=\/wp\/v2\/media\/9182"}],"wp:attachment":[{"href":"https:\/\/pasaenmendoza.com\/index.php?rest_route=%2Fwp%2Fv2%2Fmedia&parent=9181"}],"wp:term":[{"taxonomy":"category","embeddable":true,"href":"https:\/\/pasaenmendoza.com\/index.php?rest_route=%2Fwp%2Fv2%2Fcategories&post=9181"},{"taxonomy":"post_tag","embeddable":true,"href":"https:\/\/pasaenmendoza.com\/index.php?rest_route=%2Fwp%2Fv2%2Ftags&post=9181"}],"curies":[{"name":"wp","href":"https:\/\/api.w.org\/{rel}","templated":true}]}}