{"id":919,"date":"2023-08-24T15:39:10","date_gmt":"2023-08-24T13:39:10","guid":{"rendered":"https:\/\/pasaenmendoza.com\/?p=919"},"modified":"2023-08-24T15:39:11","modified_gmt":"2023-08-24T13:39:11","slug":"siguen-los-dias-frescos-y-se-preve-descenso-de-temperatura","status":"publish","type":"post","link":"https:\/\/pasaenmendoza.com\/?p=919","title":{"rendered":"Siguen los d\u00edas frescos y se prev\u00e9 descenso de temperatura"},"content":{"rendered":"\n<p>Este jueves, en el\u00a0<strong>Gran<\/strong>\u00a0<strong>Mendoza, el pron\u00f3stico del Servicio Meteorol\u00f3gico\u00a0<\/strong>Nacional indica algunas lluvias aisladas por la ma\u00f1ana y tiempo fresco con una\u00a0<strong>m\u00e1xima de 14\u00b0.<\/strong><\/p>\n\n\n\n<p>El\u00a0viento del\u00a0Sur sigue marcando el descenso de la temperatura de los pr\u00f3ximos d\u00edas que continuar\u00e1n frescos hasta el fin de semana inclusive.<\/p>\n\n\n\n<p>En tanto que el pron\u00f3stico de lluvias se mantiene hasta hoy al mediod\u00eda, y los pr\u00f3ximos d\u00edas el cielo permanecer\u00e1 algo nublado.\u00a0<\/p>\n\n\n\n<p><strong>Para el viernes se espera una m\u00e1xima de 11\u00b0.<\/strong><\/p>\n\n\n\n<p>El fin de semana seguir\u00e1 con d\u00edas frescos y se espera que la m\u00e1xima ronde los 13\u00b0 el s\u00e1bado y ya el domingo comenzar\u00e1 a ascender la temperatura.\u00a0<\/p>\n\n\n\n<p><strong>Fuente: www.mendozapost.com<\/strong><\/p>\n","protected":false},"excerpt":{"rendered":"<p>Este jueves, en el\u00a0Gran\u00a0Mendoza, el pron\u00f3stico del Servicio Meteorol\u00f3gico\u00a0Nacional indica algunas lluvias aisladas por la ma\u00f1ana y tiempo fresco con una\u00a0m\u00e1xima de 14\u00b0. El\u00a0viento del\u00a0Sur sigue marcando el descenso de la temperatura de los pr\u00f3ximos d\u00edas que continuar\u00e1n frescos hasta el fin de semana inclusive. En tanto que el pron\u00f3stico de lluvias se mantiene hasta [&hellip;]<\/p>\n","protected":false},"author":2,"featured_media":920,"comment_status":"open","ping_status":"open","sticky":false,"template":"","format":"standard","meta":[],"categories":[52],"tags":[],"_links":{"self":[{"href":"https:\/\/pasaenmendoza.com\/index.php?rest_route=\/wp\/v2\/posts\/919"}],"collection":[{"href":"https:\/\/pasaenmendoza.com\/index.php?rest_route=\/wp\/v2\/posts"}],"about":[{"href":"https:\/\/pasaenmendoza.com\/index.php?rest_route=\/wp\/v2\/types\/post"}],"author":[{"embeddable":true,"href":"https:\/\/pasaenmendoza.com\/index.php?rest_route=\/wp\/v2\/users\/2"}],"replies":[{"embeddable":true,"href":"https:\/\/pasaenmendoza.com\/index.php?rest_route=%2Fwp%2Fv2%2Fcomments&post=919"}],"version-history":[{"count":1,"href":"https:\/\/pasaenmendoza.com\/index.php?rest_route=\/wp\/v2\/posts\/919\/revisions"}],"predecessor-version":[{"id":921,"href":"https:\/\/pasaenmendoza.com\/index.php?rest_route=\/wp\/v2\/posts\/919\/revisions\/921"}],"wp:featuredmedia":[{"embeddable":true,"href":"https:\/\/pasaenmendoza.com\/index.php?rest_route=\/wp\/v2\/media\/920"}],"wp:attachment":[{"href":"https:\/\/pasaenmendoza.com\/index.php?rest_route=%2Fwp%2Fv2%2Fmedia&parent=919"}],"wp:term":[{"taxonomy":"category","embeddable":true,"href":"https:\/\/pasaenmendoza.com\/index.php?rest_route=%2Fwp%2Fv2%2Fcategories&post=919"},{"taxonomy":"post_tag","embeddable":true,"href":"https:\/\/pasaenmendoza.com\/index.php?rest_route=%2Fwp%2Fv2%2Ftags&post=919"}],"curies":[{"name":"wp","href":"https:\/\/api.w.org\/{rel}","templated":true}]}}