{"id":9200,"date":"2024-09-12T23:26:07","date_gmt":"2024-09-12T21:26:07","guid":{"rendered":"https:\/\/pasaenmendoza.com\/?p=9200"},"modified":"2024-09-12T23:26:09","modified_gmt":"2024-09-12T21:26:09","slug":"se-termina-un-ciclo-daniel-oldra-anuncio-que-dejara-de-ser-el-entrenador-de-godoy-cruz","status":"publish","type":"post","link":"https:\/\/pasaenmendoza.com\/?p=9200","title":{"rendered":"Se termina un ciclo: Daniel Oldr\u00e1 anunci\u00f3 que dejar\u00e1 de ser el entrenador de Godoy Cruz"},"content":{"rendered":"\n<p>De forma inesperada para el pueblo bodeguero,&nbsp;<strong>Daniel Oldr\u00e1<\/strong>&nbsp;confirm\u00f3 en las \u00faltimas horas que dejar\u00e1 su puesto como DT del club&nbsp;<strong>Godoy Cruz<\/strong>&nbsp;cuando finalice la temporada 2024 de la&nbsp;<strong>Liga Profesional de F\u00fatbol.<\/strong><\/p>\n\n\n\n<p>El\u00a0<em>Gato<\/em>\u00a0anunci\u00f3 su decisi\u00f3n y no dej\u00f3 lugar a que se interpretaran sus expresiones en modo potencial. En tanto, el impacto es a\u00fan mayor, ya que todav\u00eda no se le hab\u00eda comunicado a la dirigencia del\u00a0<em>Tomba<\/em>\u00a0su paso al costado. &#8220;A ellos se los vine diciendo desde hace rato, pero ahora no hablamos nada. Adem\u00e1s,\u00a0<strong>dicen que son tres a\u00f1os, pero no es as\u00ed, yo digo que no<\/strong>&#8220;, puntualiz\u00f3.<\/p>\n\n\n\n<p>Adem\u00e1s,&nbsp;Oldr\u00e1, de 57 a\u00f1os, expres\u00f3: &#8220;<strong>Termina esta parte y ya est\u00e1<\/strong>. Ya son dos a\u00f1os, demasiado. Demasiado para m\u00ed, para los mismos futbolistas, para todos&#8221;.<\/p>\n\n\n\n<p>Mientras Godoy Cruz trabaja para volver al\u00a0<strong>estadio Feliciano Gambarte<\/strong>\u00a0y pelea para jugar copas internacionales en 2025, el DT asegur\u00f3: &#8220;No pasa por dirigir las copas o dirigir en el Gambarte. Pasa por un mont\u00f3n de situaciones y tambi\u00e9n por mi cabeza, por mi f\u00edsico y por todo. Hay muchas cosas que en el d\u00eda a d\u00eda.\u00a0<strong>Ser entrenador en la Argentina no es f\u00e1cil<\/strong>&#8220;.<\/p>\n\n\n\n<p>Y continu\u00f3: &#8220;Entonces, este a\u00f1o y medio que llevo ya est\u00e1 bien porque he ido sorteando algunas situaciones. Creo que es lo mejor para la estructura y para todo. Ac\u00e1, los entrenadores no duran ni seis meses&#8221;, agreg\u00f3.<\/p>\n\n\n\n<p>Por \u00faltimo, el \u00eddolo de los hinchas tombinos, coment\u00f3 que &#8220;<strong>aqu\u00ed no sab\u00e9s cuando jug\u00e1s y en Europa ten\u00e9s un mes de vacaciones, otro de pretemporada y todos los partidos con fecha<\/strong>. Ac\u00e1 me dicen &#8220;ma\u00f1ana jug\u00e1s la Copa Argentina&#8221; y hay diez d\u00edas de vacaciones cuando termin\u00e1s un a\u00f1o&#8230;y al jugador le ten\u00e9s que dar cinco d\u00edas porque hay que empezar antes. Por eso no hay un diagrama como corresponde&#8221;.<\/p>\n\n\n\n<h3 class=\"wp-block-heading\"><strong>Los n\u00fameros de Oldr\u00e1 en Godoy Cruz<\/strong><\/h3>\n\n\n\n<p>Esta vez, el &#8220;Gato&#8221; asumi\u00f3 como DT del Tomba el 11 de abril del 2023, en reemplazo de&nbsp;<strong>Diego Flores<\/strong>. En la Copa de la Liga de ese a\u00f1o llev\u00f3 al equipo a semifinales, donde perdi\u00f3 con Platense por penales. En total, dirigi\u00f3 67 encuentros hasta el momento:<\/p>\n\n\n\n<ul>\n<li>29 partidos ganados<\/li>\n\n\n\n<li>22 empates<\/li>\n\n\n\n<li>16 derrotas<\/li>\n<\/ul>\n\n\n\n<p>Actualmente, el elenco mendocino&nbsp;acumula&nbsp;<strong>17 puntos y se ubica 14\u00b0<\/strong>, con un partido menos por el que fue suspendido ante San Lorenzo. En la tabla anual posee 46 puntos, en el cuarto puesto, pero no est\u00e1 en zona Libertadores por diferencia de goles con Boca, el tercer clasificado.<\/p>\n\n\n\n<p>De no mediar cambios en su decisi\u00f3n, el adi\u00f3s ser\u00e1 el fin de semana del\u00a0<strong>15 de diciembre<\/strong>, cuando Godoy Cruz visite a Instituto en C\u00f3rdoba.<\/p>\n\n\n\n<p><strong>Fuente: diariomendoza.com.ar<\/strong><\/p>\n","protected":false},"excerpt":{"rendered":"<p>De forma inesperada para el pueblo bodeguero,&nbsp;Daniel Oldr\u00e1&nbsp;confirm\u00f3 en las \u00faltimas horas que dejar\u00e1 su puesto como DT del club&nbsp;Godoy Cruz&nbsp;cuando finalice la temporada 2024 de la&nbsp;Liga Profesional de F\u00fatbol. El\u00a0Gato\u00a0anunci\u00f3 su decisi\u00f3n y no dej\u00f3 lugar a que se interpretaran sus expresiones en modo potencial. En tanto, el impacto es a\u00fan mayor, ya que [&hellip;]<\/p>\n","protected":false},"author":2,"featured_media":9201,"comment_status":"open","ping_status":"open","sticky":false,"template":"","format":"standard","meta":[],"categories":[81],"tags":[],"_links":{"self":[{"href":"https:\/\/pasaenmendoza.com\/index.php?rest_route=\/wp\/v2\/posts\/9200"}],"collection":[{"href":"https:\/\/pasaenmendoza.com\/index.php?rest_route=\/wp\/v2\/posts"}],"about":[{"href":"https:\/\/pasaenmendoza.com\/index.php?rest_route=\/wp\/v2\/types\/post"}],"author":[{"embeddable":true,"href":"https:\/\/pasaenmendoza.com\/index.php?rest_route=\/wp\/v2\/users\/2"}],"replies":[{"embeddable":true,"href":"https:\/\/pasaenmendoza.com\/index.php?rest_route=%2Fwp%2Fv2%2Fcomments&post=9200"}],"version-history":[{"count":1,"href":"https:\/\/pasaenmendoza.com\/index.php?rest_route=\/wp\/v2\/posts\/9200\/revisions"}],"predecessor-version":[{"id":9202,"href":"https:\/\/pasaenmendoza.com\/index.php?rest_route=\/wp\/v2\/posts\/9200\/revisions\/9202"}],"wp:featuredmedia":[{"embeddable":true,"href":"https:\/\/pasaenmendoza.com\/index.php?rest_route=\/wp\/v2\/media\/9201"}],"wp:attachment":[{"href":"https:\/\/pasaenmendoza.com\/index.php?rest_route=%2Fwp%2Fv2%2Fmedia&parent=9200"}],"wp:term":[{"taxonomy":"category","embeddable":true,"href":"https:\/\/pasaenmendoza.com\/index.php?rest_route=%2Fwp%2Fv2%2Fcategories&post=9200"},{"taxonomy":"post_tag","embeddable":true,"href":"https:\/\/pasaenmendoza.com\/index.php?rest_route=%2Fwp%2Fv2%2Ftags&post=9200"}],"curies":[{"name":"wp","href":"https:\/\/api.w.org\/{rel}","templated":true}]}}