{"id":9203,"date":"2024-09-13T23:46:59","date_gmt":"2024-09-13T21:46:59","guid":{"rendered":"https:\/\/pasaenmendoza.com\/?p=9203"},"modified":"2024-09-13T23:47:01","modified_gmt":"2024-09-13T21:47:01","slug":"los-beneficiarios-del-monotributo-social-comenzaran-a-pagar-el-50-de-su-obra-social","status":"publish","type":"post","link":"https:\/\/pasaenmendoza.com\/?p=9203","title":{"rendered":"Los beneficiarios del Monotributo Social comenzar\u00e1n a pagar el 50% de su obra social"},"content":{"rendered":"\n<p>El Gobierno nacional anunci\u00f3 que los<strong>\u00a0beneficiarios del\u00a0Monotributo\u00a0Social empezar\u00e1n a pagar el 50% del costo\u00a0<\/strong>de su obra social por s\u00ed mismo y por cada incorporaci\u00f3n de adherentes, a partir de octubre. La medida fue consensuada entre la\u00a0<strong>AFIP\u00a0<\/strong>y el Ministerio de Capital Humano.<\/p>\n\n\n\n<p>Tras lanzar un&nbsp;<strong>reempadronamiento&nbsp;<\/strong>durante septiembre para los beneficiarios del Monotributo Social que se encuentran incluidos en los programas Acompa\u00f1amiento Social, Volver al Trabajo y Microcr\u00e9dito, el Ministerio de Capital Humano contin\u00faa avanzando con los cambios en el r\u00e9gimen.<\/p>\n\n\n\n<p>En este caso, mediante la Resoluci\u00f3n 630\/2024 publicada este martes en el Bolet\u00edn Oficial, la cartera conducida por\u00a0<strong>Sandra Pettovello<\/strong>, confirm\u00f3 que los monotributistas sociales deber\u00e1n absorber el costo del 50% de la cobertura de la obra social, por lo que pasar\u00e1 a ser m\u00e1s caro tributar bajo dicho r\u00e9gimen.<\/p>\n\n\n\n<p>En este marco, derog\u00f3 \u201clas Resoluciones Nros. 2757 de fecha 7 de septiembre de 2011 y 1215 de fecha 2 de junio de 2014, ambas del entonces Ministerio de&nbsp;<strong>Desarrollo Social<\/strong>, ya que no han cumplido con los objetivos previstos y generan una erogaci\u00f3n presupuestaria que podr\u00eda ser destinada a una pol\u00edtica p\u00fablica social m\u00e1s efectiva\u201d.<\/p>\n\n\n\n<p>Las normas que quedaron sin efecto regulaban la asistencia estatal al monotributista social para fortalecer el desarrollo de emprendimientos de la econom\u00eda social por parte de los titulares de microcr\u00e9ditos.<\/p>\n\n\n\n<p>Al explicar la decisi\u00f3n, en el documento oficial, el Gobierno relativiz\u00f3 la funcionalidad del Monotributo Social asegurando que \u201cel n\u00famero de personas que se encuentran en la econom\u00eda informal no s\u00f3lo no ha disminuido, sino que ha aumentado y tampoco hay evidencia emp\u00edrica que demuestre un nexo de causalidad entre contar con un monotributo social y la mejora en la sostenibilidad y durabilidad de los emprendimientos financiados\u201d.<\/p>\n\n\n\n<p>Adem\u00e1s, remarc\u00f3 que \u201cactualmente, el Estado est\u00e1 realizando ingentes esfuerzos para reordenar las pol\u00edticas sociales, con el objetivo de lograr un uso eficiente de los recursos disponibles, con un enfoque integral, maximizando el impacto y las externalidades positivas\u201d.<\/p>\n\n\n\n<p><strong>Fuente: www.diariouno.com.ar<\/strong><\/p>\n","protected":false},"excerpt":{"rendered":"<p>El Gobierno nacional anunci\u00f3 que los\u00a0beneficiarios del\u00a0Monotributo\u00a0Social empezar\u00e1n a pagar el 50% del costo\u00a0de su obra social por s\u00ed mismo y por cada incorporaci\u00f3n de adherentes, a partir de octubre. La medida fue consensuada entre la\u00a0AFIP\u00a0y el Ministerio de Capital Humano. Tras lanzar un&nbsp;reempadronamiento&nbsp;durante septiembre para los beneficiarios del Monotributo Social que se encuentran incluidos [&hellip;]<\/p>\n","protected":false},"author":2,"featured_media":9204,"comment_status":"open","ping_status":"open","sticky":false,"template":"","format":"standard","meta":[],"categories":[75],"tags":[],"_links":{"self":[{"href":"https:\/\/pasaenmendoza.com\/index.php?rest_route=\/wp\/v2\/posts\/9203"}],"collection":[{"href":"https:\/\/pasaenmendoza.com\/index.php?rest_route=\/wp\/v2\/posts"}],"about":[{"href":"https:\/\/pasaenmendoza.com\/index.php?rest_route=\/wp\/v2\/types\/post"}],"author":[{"embeddable":true,"href":"https:\/\/pasaenmendoza.com\/index.php?rest_route=\/wp\/v2\/users\/2"}],"replies":[{"embeddable":true,"href":"https:\/\/pasaenmendoza.com\/index.php?rest_route=%2Fwp%2Fv2%2Fcomments&post=9203"}],"version-history":[{"count":1,"href":"https:\/\/pasaenmendoza.com\/index.php?rest_route=\/wp\/v2\/posts\/9203\/revisions"}],"predecessor-version":[{"id":9205,"href":"https:\/\/pasaenmendoza.com\/index.php?rest_route=\/wp\/v2\/posts\/9203\/revisions\/9205"}],"wp:featuredmedia":[{"embeddable":true,"href":"https:\/\/pasaenmendoza.com\/index.php?rest_route=\/wp\/v2\/media\/9204"}],"wp:attachment":[{"href":"https:\/\/pasaenmendoza.com\/index.php?rest_route=%2Fwp%2Fv2%2Fmedia&parent=9203"}],"wp:term":[{"taxonomy":"category","embeddable":true,"href":"https:\/\/pasaenmendoza.com\/index.php?rest_route=%2Fwp%2Fv2%2Fcategories&post=9203"},{"taxonomy":"post_tag","embeddable":true,"href":"https:\/\/pasaenmendoza.com\/index.php?rest_route=%2Fwp%2Fv2%2Ftags&post=9203"}],"curies":[{"name":"wp","href":"https:\/\/api.w.org\/{rel}","templated":true}]}}