{"id":9206,"date":"2024-09-13T23:54:48","date_gmt":"2024-09-13T21:54:48","guid":{"rendered":"https:\/\/pasaenmendoza.com\/?p=9206"},"modified":"2024-09-13T23:54:49","modified_gmt":"2024-09-13T21:54:49","slug":"natalio-mema-estimo-que-la-mitad-de-los-62-trabajadores-del-epas-sera-despedida","status":"publish","type":"post","link":"https:\/\/pasaenmendoza.com\/?p=9206","title":{"rendered":"Natalio Mema estim\u00f3 que la mitad de los 62 trabajadores del EPAS ser\u00e1 despedida"},"content":{"rendered":"\n<p>Tras la presentaci\u00f3n de un proyecto por parte de<strong>\u00a0Alfredo Cornejo<\/strong>\u00a0para que el\u00a0<strong>EPAS<\/strong>\u00a0(Ente Provincial del Agua y de Saneamiento)\u00a0sea disuelto,\u00a0<strong>Natalio Mema<\/strong>\u00a0dijo que de los 62 empleados con que cuenta el organismo, la mitad ser\u00e1 reabsorbida y la otra mitad quedar\u00e1 desvinculada.<\/p>\n\n\n\n<p>El&nbsp;<strong>ministro de Gobierno, Infraestructura y Desarrollo Territorial<\/strong>&nbsp;asegur\u00f3 que las tareas del&nbsp;<strong>EPAS&nbsp;<\/strong>-que pasar\u00e1 a desarrollar el Departamento General de Irrigaci\u00f3n- pueden ser cumplidas sin problemas con mucho&nbsp;<strong>menos personal<\/strong>. Calcul\u00f3 que har\u00edan falta unos 30 trabajadores.<\/p>\n\n\n\n<p>Los que no continuar\u00e1n trabajando ser\u00e1n\u00a0<strong>indemnizados\u00a0<\/strong>de acuerdo con la Ley de Contrato de Trabajo.<\/p>\n\n\n\n<h2 class=\"wp-block-heading\">La situaci\u00f3n de los empleados del EPAS<\/h2>\n\n\n\n<p>Mema especific\u00f3 que &#8220;el EPAS se rige por la Ley de Contrato de Trabajo. Se reubicar\u00e1 a los que tienen la posibilidad de continuar en alguna otra \u00e1rea del Estado. Una parte ir\u00e1 a\u00a0<strong>Irrigaci\u00f3n<\/strong>\u00a0y otra a\u00a0<strong>AYSAM<\/strong>. El control operativo de los operadores de gesti\u00f3n comunitaria lo va a tener AYSAM&#8221;.<\/p>\n\n\n\n<p>Consultado por los n\u00fameros que se manejan, Natalio dijo que &#8220;hoy el EPAS tiene 62 empleados. No hay un n\u00famero definido, pero&nbsp;<strong>m\u00e1s o menos con la mitad se pueden prestar los servicios<\/strong>&nbsp;de manera eficiente. No hay que olvidar que van a ir a organismos en los que hay una base de personal con la posibilidad de abocarse a las funciones del&nbsp;<strong>EPAS<\/strong>&#8220;.<\/p>\n\n\n\n<p>&#8220;La idea es agrupar para\u00a0<strong>bajar costos<\/strong>\u00a0en todo sentido, no s\u00f3lo de personal, sino tambi\u00e9n de funcionamiento, de estructura administrativa, de burocracia&#8230; Tenemos que hacer m\u00e1s eficiente una funci\u00f3n que prestaba\u00a0<strong>un organismo que qued\u00f3 desdibujado&#8221;.<\/strong><\/p>\n\n\n\n<h2 class=\"wp-block-heading\">Natalio Mema se\u00f1al\u00f3 que el objetivo es eficientizar el Estado<\/h2>\n\n\n\n<p>El ministro argument\u00f3 que la intenci\u00f3n que persigue el Ejecutivo al promover la disoluci\u00f3n del&nbsp;<strong>EPAS&nbsp;<\/strong>&#8220;es seguir el camino de eficientizar el Estado y, fundamentalmente, promover la prestaci\u00f3n de mejores<strong>&nbsp;servicios<\/strong>&nbsp;con una estructura m\u00e1s reducida&#8221;.<\/p>\n\n\n\n<p>Record\u00f3 que esta repartici\u00f3n &#8220;ha venido cumpliendo funciones importantes de control de la calidad del agua, definici\u00f3n de tarifas y verificaci\u00f3n del funcionamiento general de los operadores, no s\u00f3lo de\u00a0<strong>AYSAM\u00a0<\/strong>sino tambi\u00e9n de los 124 operadores de gesti\u00f3n comunitaria que son previos a la creaci\u00f3n del viejo Obras Sanitarias&#8221;.<\/p>\n\n\n\n<p><strong>Fuente: www.diariouno.com.ar<\/strong><\/p>\n","protected":false},"excerpt":{"rendered":"<p>Tras la presentaci\u00f3n de un proyecto por parte de\u00a0Alfredo Cornejo\u00a0para que el\u00a0EPAS\u00a0(Ente Provincial del Agua y de Saneamiento)\u00a0sea disuelto,\u00a0Natalio Mema\u00a0dijo que de los 62 empleados con que cuenta el organismo, la mitad ser\u00e1 reabsorbida y la otra mitad quedar\u00e1 desvinculada. El&nbsp;ministro de Gobierno, Infraestructura y Desarrollo Territorial&nbsp;asegur\u00f3 que las tareas del&nbsp;EPAS&nbsp;-que pasar\u00e1 a desarrollar el [&hellip;]<\/p>\n","protected":false},"author":2,"featured_media":9207,"comment_status":"open","ping_status":"open","sticky":false,"template":"","format":"standard","meta":[],"categories":[106],"tags":[],"_links":{"self":[{"href":"https:\/\/pasaenmendoza.com\/index.php?rest_route=\/wp\/v2\/posts\/9206"}],"collection":[{"href":"https:\/\/pasaenmendoza.com\/index.php?rest_route=\/wp\/v2\/posts"}],"about":[{"href":"https:\/\/pasaenmendoza.com\/index.php?rest_route=\/wp\/v2\/types\/post"}],"author":[{"embeddable":true,"href":"https:\/\/pasaenmendoza.com\/index.php?rest_route=\/wp\/v2\/users\/2"}],"replies":[{"embeddable":true,"href":"https:\/\/pasaenmendoza.com\/index.php?rest_route=%2Fwp%2Fv2%2Fcomments&post=9206"}],"version-history":[{"count":1,"href":"https:\/\/pasaenmendoza.com\/index.php?rest_route=\/wp\/v2\/posts\/9206\/revisions"}],"predecessor-version":[{"id":9208,"href":"https:\/\/pasaenmendoza.com\/index.php?rest_route=\/wp\/v2\/posts\/9206\/revisions\/9208"}],"wp:featuredmedia":[{"embeddable":true,"href":"https:\/\/pasaenmendoza.com\/index.php?rest_route=\/wp\/v2\/media\/9207"}],"wp:attachment":[{"href":"https:\/\/pasaenmendoza.com\/index.php?rest_route=%2Fwp%2Fv2%2Fmedia&parent=9206"}],"wp:term":[{"taxonomy":"category","embeddable":true,"href":"https:\/\/pasaenmendoza.com\/index.php?rest_route=%2Fwp%2Fv2%2Fcategories&post=9206"},{"taxonomy":"post_tag","embeddable":true,"href":"https:\/\/pasaenmendoza.com\/index.php?rest_route=%2Fwp%2Fv2%2Ftags&post=9206"}],"curies":[{"name":"wp","href":"https:\/\/api.w.org\/{rel}","templated":true}]}}