{"id":9209,"date":"2024-09-14T00:10:22","date_gmt":"2024-09-13T22:10:22","guid":{"rendered":"https:\/\/pasaenmendoza.com\/?p=9209"},"modified":"2024-09-14T00:10:23","modified_gmt":"2024-09-13T22:10:23","slug":"comenzo-el-paro-aeronautico-y-en-mendoza-hay-al-menos-12-vuelos-cancelados","status":"publish","type":"post","link":"https:\/\/pasaenmendoza.com\/?p=9209","title":{"rendered":"Comenz\u00f3 el paro aeron\u00e1utico y en Mendoza hay al menos 12 vuelos cancelados"},"content":{"rendered":"\n<p>El\u00a0<strong>paro en\u00a0Aerol\u00edneas Argentinas<\/strong>\u00a0encabezado por Pablo Bir\u00f3 (APLA, pilotos) y Juan Pablo Brey (AAA, tripulantes) provoc\u00f3 319 cancelaciones y afectar\u00e1 a m\u00e1s de 37 mil pasajeros, seg\u00fan confirm\u00f3 la compa\u00f1\u00eda estatal mediante un comunicado. Pasado el mediod\u00eda, en\u00a0<strong>Mendoza\u00a0<\/strong>eran al menos 12 los\u00a0<strong>vuelos cancelados\u00a0<\/strong>-6 arribos y 6 partidas-.<\/p>\n\n\n\n<p>La firma estima que el&nbsp;<strong>costo econ\u00f3mico<\/strong>&nbsp;de esta medida superar\u00e1 los 2 millones y medio de d\u00f3lares, producto de la p\u00e9rdida de ventas y por las multas, compensaciones, hoteler\u00eda, traslados, comidas y otros gastos derivados del da\u00f1o directo a pasajeros.<\/p>\n\n\n\n<figure class=\"wp-block-image\"><img decoding=\"async\" src=\"https:\/\/media.diariouno.com.ar\/p\/6bd776b102b3df1b6b49d495fec8d838\/adjuntos\/298\/imagenes\/009\/405\/0009405225\/1200x0\/smart\/paro-aeropuerto-mendoza-1jpg.jpg\" alt=\"\" title=\"\"\/><\/figure>\n\n\n\n<figure class=\"wp-block-image\"><img decoding=\"async\" src=\"https:\/\/media.diariouno.com.ar\/p\/aa7d77d9bf2c26fa213943b320cf9c02\/adjuntos\/298\/imagenes\/009\/405\/0009405226\/1200x0\/smart\/mendoza-aeropuerto-paroijpg.jpg\" alt=\"\" title=\"\"\/><\/figure>\n\n\n\n<h2 class=\"wp-block-heading\">Miles de afectados<\/h2>\n\n\n\n<p>Del total de afectados, unas 28 mil personas ten\u00edan planeados&nbsp;<strong>viajes dentro del pa\u00eds<\/strong>, otras 5.500 a destinos&nbsp;<strong>regionales<\/strong>, y las restantes 3.500 vuelos al&nbsp;<strong>Caribe, Estados Unidos y Europa<\/strong>.<\/p>\n\n\n\n<p>Indicaron en el comunicado que, desde el anuncio de la medida la compa\u00f1\u00eda realiz\u00f3 su m\u00e1ximo esfuerzo por modificar su programaci\u00f3n de la manera m\u00e1s eficiente posible, dentro de las restricciones impuestas por los propios&nbsp;<strong>gremios<\/strong>, para atenuar el perjuicio que este&nbsp;<strong>paro&nbsp;<\/strong>provocar\u00e1 a nuestros pasajeros.<\/p>\n\n\n\n<p>En este sentido, se\u00f1alaron que&nbsp;<strong>se reprogramaron vuelos<\/strong>, adelantando y demorando salidas por fuera de la franja de la medida, y se crearon vuelos especiales para redistribuir tr\u00e1fico afectado. Adem\u00e1s, se trabaj\u00f3 con la red de alianzas de&nbsp;<strong>Aerol\u00edneas Argentinas<\/strong>&nbsp;para facilitar otras alternativas a las personas que se encontraran en tr\u00e1nsito.<\/p>\n\n\n\n<p>\u201cLamentamos profundamente las molestias provocadas por este\u00a0<strong>paro intempestivo<\/strong>, abusivo y fuera de contexto promocionado por dirigentes gremiales de forma irresponsable.\u00a0<strong>Aerol\u00edneas Argentinas<\/strong>\u00a0continuar\u00e1 trabajando para seguir ofreciendo un servicio de calidad, confiable y seguro a sus pasajeros\u201d, sostiene el documento difundido esta noche.<\/p>\n\n\n\n<h2 class=\"wp-block-heading\">Piden consultar si hay modificaciones en los vuelos<\/h2>\n\n\n\n<p>Aerol\u00edneas sugiere a quienes ten\u00edan vuelos programados durante la duraci\u00f3n de la medida estar atentos a las&nbsp;<strong>notificaciones en el correo electr\u00f3nico<\/strong>&nbsp;que hayan informado como contacto en su reserva. En caso de haber realizado su compra en una agencia de turismo, se aconseja consultar por esa v\u00eda.<\/p>\n\n\n\n<p>Les recomiendan utilizar los canales de autogesti\u00f3n en la aplicaci\u00f3n de&nbsp;<strong>Aerol\u00edneas Argentinas<\/strong>&nbsp;(disponible en iOS y Android) o v\u00eda la web aerolineas.com, donde adem\u00e1s encontrar\u00e1n informaci\u00f3n sobre otros canales de atenci\u00f3n.<\/p>\n\n\n\n<h2 class=\"wp-block-heading\">Adorni amenaz\u00f3 con sanciones<\/h2>\n\n\n\n<p>El Vocero Presidencial Manuel Adorni asegur\u00f3 que el personal de&nbsp;<strong>Aerol\u00edneas Argentinas<\/strong>&nbsp;que se sume al \u201cins\u00f3lito paro de aeron\u00e1uticos\u201d ser\u00e1&nbsp;<strong>\u201cmultado y sancionado\u201d<\/strong>&nbsp;por la empresa, y afirm\u00f3 que \u201cquienes no quieren resignar sus privilegios, van a terminar fundiendo la empresa que tanto dicen defender\u201d.<\/p>\n\n\n\n<p>En su habitual conferencia de prensa, Adorni se\u00f1al\u00f3 que \u201cmientras que los argentinos que pasan meses ahorrando para comprar un pasaje de avi\u00f3n\u201d ven afectados sus vuelos, es posible encontrar a \u201calg\u00fan sindicalista de vacaciones en Espa\u00f1a junto a toda su familia, disfrutando de los placeres que le da el lugar que ocupa\u201d, y<strong>\u00a0cuestion\u00f3 que los pilotos puedan \u201cviajar gratis, en clase ejecutiva, junto a sus familias\u201d<\/strong>, lo que representa un \u201cdespilfarro de\u00a0<strong>20 millones de d\u00f3lares<\/strong>\u00a0por a\u00f1o\u201d.<\/p>\n\n\n\n<p>El Vocero asegur\u00f3 que \u201cno hay ninguna raz\u00f3n para seguir sosteniendo en un pa\u00eds empobrecido como el nuestro este tipo de\u00a0<strong>privilegios<\/strong>\u00a0para unos pocos\u201d y anunci\u00f3 que el Presidente Javier Milei firma la reglamentaci\u00f3n del Art\u00edculo 182 del Decreto de Necesidad y Urgencia que establece los lineamientos para\u00a0<strong>declarar como servicio esencial a la aeron\u00e1utica civil y comercial<\/strong>.<\/p>\n\n\n\n<p><strong>Fuente: www.diariouno.com.ar<\/strong><\/p>\n","protected":false},"excerpt":{"rendered":"<p>El\u00a0paro en\u00a0Aerol\u00edneas Argentinas\u00a0encabezado por Pablo Bir\u00f3 (APLA, pilotos) y Juan Pablo Brey (AAA, tripulantes) provoc\u00f3 319 cancelaciones y afectar\u00e1 a m\u00e1s de 37 mil pasajeros, seg\u00fan confirm\u00f3 la compa\u00f1\u00eda estatal mediante un comunicado. Pasado el mediod\u00eda, en\u00a0Mendoza\u00a0eran al menos 12 los\u00a0vuelos cancelados\u00a0-6 arribos y 6 partidas-. La firma estima que el&nbsp;costo econ\u00f3mico&nbsp;de esta medida superar\u00e1 [&hellip;]<\/p>\n","protected":false},"author":2,"featured_media":9210,"comment_status":"open","ping_status":"open","sticky":false,"template":"","format":"standard","meta":[],"categories":[99],"tags":[],"_links":{"self":[{"href":"https:\/\/pasaenmendoza.com\/index.php?rest_route=\/wp\/v2\/posts\/9209"}],"collection":[{"href":"https:\/\/pasaenmendoza.com\/index.php?rest_route=\/wp\/v2\/posts"}],"about":[{"href":"https:\/\/pasaenmendoza.com\/index.php?rest_route=\/wp\/v2\/types\/post"}],"author":[{"embeddable":true,"href":"https:\/\/pasaenmendoza.com\/index.php?rest_route=\/wp\/v2\/users\/2"}],"replies":[{"embeddable":true,"href":"https:\/\/pasaenmendoza.com\/index.php?rest_route=%2Fwp%2Fv2%2Fcomments&post=9209"}],"version-history":[{"count":1,"href":"https:\/\/pasaenmendoza.com\/index.php?rest_route=\/wp\/v2\/posts\/9209\/revisions"}],"predecessor-version":[{"id":9211,"href":"https:\/\/pasaenmendoza.com\/index.php?rest_route=\/wp\/v2\/posts\/9209\/revisions\/9211"}],"wp:featuredmedia":[{"embeddable":true,"href":"https:\/\/pasaenmendoza.com\/index.php?rest_route=\/wp\/v2\/media\/9210"}],"wp:attachment":[{"href":"https:\/\/pasaenmendoza.com\/index.php?rest_route=%2Fwp%2Fv2%2Fmedia&parent=9209"}],"wp:term":[{"taxonomy":"category","embeddable":true,"href":"https:\/\/pasaenmendoza.com\/index.php?rest_route=%2Fwp%2Fv2%2Fcategories&post=9209"},{"taxonomy":"post_tag","embeddable":true,"href":"https:\/\/pasaenmendoza.com\/index.php?rest_route=%2Fwp%2Fv2%2Ftags&post=9209"}],"curies":[{"name":"wp","href":"https:\/\/api.w.org\/{rel}","templated":true}]}}