{"id":9215,"date":"2024-09-16T23:11:04","date_gmt":"2024-09-16T21:11:04","guid":{"rendered":"https:\/\/pasaenmendoza.com\/?p=9215"},"modified":"2024-09-16T23:11:05","modified_gmt":"2024-09-16T21:11:05","slug":"cornejo-y-otros-19-gobernadores-se-reunieron-con-caputo-y-francos-por-el-pedido-de-ajuste-de-milei-a-las-provincias","status":"publish","type":"post","link":"https:\/\/pasaenmendoza.com\/?p=9215","title":{"rendered":"Cornejo y otros 19 gobernadores se reunieron con Caputo y Francos por el pedido de ajuste de Milei a las provincias"},"content":{"rendered":"\n<p>Durante la\u00a0<strong>exposici\u00f3n de la Ley de Presupuesto 2025\u00a0en el Congreso,<\/strong>\u00a0el presidente Javier Milei declar\u00f3 que las provincias deber\u00e1n realizar un fuerte ajuste de 60 millones de d\u00f3lares. La afirmaci\u00f3n encendi\u00f3 las alarmas entre los mandatarios provinciales, incluido el mendocino Alfredo Cornejo.<\/p>\n\n\n\n<p>Para aclarar la situaci\u00f3n, el ministro de Econom\u00eda,<strong>&nbsp;Luis Caputo y<\/strong>&nbsp;el ministro del Interior,&nbsp;<strong>Guillermo Francos,<\/strong>&nbsp;organizaron r\u00e1pidamente una reuni\u00f3n virtual a trav\u00e9s de Zoom que tuvo lugar este lunes desde las 15. Por parte del Ejecutivo, tambi\u00e9n estuvieron presentes:&nbsp;<strong>Carlos Guberman<\/strong>&nbsp;(encargado de la letra chica del proyecto de presupuesto) y el vicejefe de Gabinete Ejecutivo,&nbsp;<strong>Jos\u00e9 Rolandi<\/strong>.<\/p>\n\n\n\n<p>El gobierno nacional convoc\u00f3 a los 24 gobernadores, de los cuales cuatro de la oposici\u00f3n decidieron no participar: Axel Kicillof (Buenos Aires), Gildo Insfr\u00e1n (Formosa), Gustavo Melella (Tierra del Fuego) y Ricardo Quintela (La Rioja). Los dem\u00e1s gobernadores estuvieron presentes. Jorge Macri (CABA) se ausent\u00f3 y envi\u00f3 al jefe de Gabinete del gobierno porte\u00f1o, N\u00e9stor Grindetti.<\/p>\n\n\n\n<p>El ministro de Hacienda de Corrientes, Marcelo Rivas, particip\u00f3 en representaci\u00f3n de su provincia; mientras que por Neuqu\u00e9n hizo lo propio el ministro de Econom\u00eda, Producci\u00f3n e Industria, Guillermo Koenig.<\/p>\n\n\n\n<h2 class=\"wp-block-heading\" id=\"los-reclamos-de-los-gobernadores-a-milei\">Los reclamos de los gobernadores a Milei<\/h2>\n\n\n\n<p>En las horas previas, los\u00a0<strong>gobernadores\u00a0<\/strong>expresaron su<strong>\u00a0malestar al respecto las declaraciones del Presidente<\/strong>. &#8220;Preocupa un poco que se le siga pidiendo esfuerzo a las provincias&#8221;, expres\u00f3 el santafesino Maximiliano Pullaro , y advirti\u00f3 que su provincia &#8220;no va a ser un aporte m\u00e1s grande al Estado nacional, porque le aporta tres veces y media m\u00e1s de lo que vuelve del Estado nacional a la Provincia&#8221;.<\/p>\n\n\n\n<p>Desde los gobernadores buscaban ser cautelosos previo a la reuni\u00f3n. &#8220;Vamos a esperar a que nos reunamos con&nbsp;<strong>Caputo&nbsp;<\/strong>para ver con qu\u00e9 salimos&#8221;, dec\u00edan en varias provincias gobernadas por Juntos por el Cambio. Se esperaba que la charla t\u00e9cnica liderada por&nbsp;<strong>Guberman&nbsp;<\/strong>pudiera explicar los dichos del Presidente.<\/p>\n\n\n\n<p>En tanto, los primeros n\u00fameros surgidos de los an\u00e1lisis presupuestarios marcaban que las provincias deber\u00e1n aportar una contribuci\u00f3n a financiar el d\u00e9ficit nacional. Seg\u00fan la consultora EPyCA, $246.645 millones de las fuentes financieras en 2025 corresponden al recupero de pr\u00e9stamos otorgados a las provincias en a\u00f1os pasados.<\/p>\n\n\n\n<p>Esta se explica \u00edntegramente por el&nbsp;<strong>recupero de pr\u00e9stamos otorgados a las provincias<\/strong>. &#8220;Deber\u00e1n pagar al Estado Nacional m\u00e1s que lo que el Estado Nacional les financiar\u00e1 este a\u00f1o, en un nuevo mecanismo de traslaci\u00f3n del d\u00e9ficit financiero nacional a d\u00e9ficits financieros provinciales&#8221;, afirman desde la consultora econ\u00f3mica.<\/p>\n\n\n\n<p>En lo que va del a\u00f1o,&nbsp;<strong>Naci\u00f3n<\/strong>&nbsp;<strong>suspendi\u00f3 casi de manera total el env\u00edo de transferencias discrecionales a las provincias.<\/strong>&nbsp;Asimismo, un total de 21 provincias (a excepci\u00f3n de Buenos Aires y La Pampa) firmaron el traspaso de obras p\u00fablicas que ten\u00eda a cargo la Casa Rosada para que las pudieran ejecutar y finalizar los gobernadores.<\/p>\n\n\n\n<p>Este nuevo cortocircuito ya hab\u00eda tenido una etapa anterior unos d\u00edas atr\u00e1s, particularmente el jueves,\u00a0<strong>cuando se reunieron los 23 gobernadores en el Consejo Federal de Inversiones (CFI)<\/strong>\u00a0para reelegir a sus autoridades y aprovecharon, en un comunicado conjunto, a criticar al gobierno nacional por las deudas para la financiaci\u00f3n y ejecuci\u00f3n de obras p\u00fablicas en sus respectivos distritos.<\/p>\n\n\n\n<p>En esa carta, los mandatarios provinciales tambi\u00e9n solicitaron a que se lleve a cabo las &#8220;transferencias corrientes y de las deudas correspondientes a los recursos de las Cajas No Transferidas y la distribuci\u00f3n del Fondo Compensador del Transporte que se financia en forma espec\u00edfica a trav\u00e9s del Impuesto a los Combustibles y que, sin embargo, se ha interrumpido&#8221;.<\/p>\n\n\n\n<h2 class=\"wp-block-heading\">Nieri asegur\u00f3 que el ajuste que Milei pidi\u00f3 a las provincias no est\u00e1 escrito en el Presupuesto<\/h2>\n\n\n\n<p>El diputado nacional y ex ministro de Hacienda,\u00a0<strong>Lisandro Nieri<\/strong>\u00a0revis\u00f3 uno a uno los 75 art\u00edculos que componen el proyecto del\u00a0<strong>Presupuesto 2025\u00a0<\/strong>que present\u00f3 el presidente<strong>\u00a0Javier Milei<\/strong>\u00a0y confirm\u00f3 que\u00a0<strong>el fuerte ajuste de U$S60.000 millones que le pidi\u00f3 a las provincias no est\u00e1 escrito.<\/strong><\/p>\n\n\n\n<p><strong>&#8220;Lo dijo como parte del discurso, pero es la regla del gasto<\/strong>. Lo que dice es que cuando hay una turbulencia y por ende no se tiene los recursos que se preve\u00eda, va a salir a buscar un esfuerzo en el gasto&#8221;, interpret\u00f3 el radical mendocino.<\/p>\n\n\n\n<p>Nieri entendi\u00f3 que detr\u00e1s de ese pedido de ajuste Milei apuntaba a que las provincias hicieran lo que -seg\u00fan su mirada- Mendoza viene haciendo desde hace 7 a\u00f1os: &#8220;Gastar s\u00f3lo lo que tenemos y bajar impuestos. Revisen todas las entrevistas que hemos hecho y yo creo que aburro a todos diciendo siempre lo mismo: seamos eficientes en el gasto, bajemos impuestos y bajemos impuestos distorsivos&#8221;.<\/p>\n\n\n\n<p>A la par descart\u00f3 que ese ajuste pudiera caer sobre las transferencias directas que la Naci\u00f3n les hace a las provincias, y s\u00ed se\u00f1al\u00f3 que&nbsp;<strong>de ser necesario el recorte, este podr\u00eda darse en los gastos discrecionales, como pueden ser las obras nacionales.<\/strong><\/p>\n\n\n\n<p>&#8220;Ah\u00ed se cae la obra, por ejemplo. Ah\u00ed se cae todo lo que no es autom\u00e1tico&#8221;, vaticin\u00f3.<\/p>\n\n\n\n<p>Este domingo y ante el Congreso, Milei les dej\u00f3 un fuerte mensaje a los gobernadores. Les advirti\u00f3 que para garantizar la baja del gasto p\u00fablico consolidado deben hacer un ajuste de 60 mil millones de d\u00f3lares y por si fuera necesario les remarc\u00f3: \u201cNosotros ya hemos cumplido nuestra parte del acuerdo, ahora faltan ustedes\u201d.<\/p>\n\n\n\n<p>En paralelo, Milei insisti\u00f3 todo el tiempo en lo que a su entender es la piedra basal del Presupuesto del pr\u00f3ximo a\u00f1o:<strong>&nbsp;el d\u00e9ficit cero.<\/strong><\/p>\n\n\n\n<p>&#8220;Salvando el tema de los n\u00fameros, pedirle un esfuerzo a las provincias, me parece que est\u00e1 perfecto, porque el gasto es un todo. Cuando se hace un esfuerzo, por ejemplo, por un r\u00e9gimen de grandes inversiones, de bajar impuestos, no podemos tener un municipio de Catamarca que opta por aumentar la presi\u00f3n impositiva aprovechando ese huequito que deja la Naci\u00f3n, \u00bfno? Entonces s\u00ed hay que pedir ese esfuerzo en el gasto&#8221;.<\/p>\n\n\n\n<p><strong>Fuente: www.diariouno.com.ar<\/strong><\/p>\n","protected":false},"excerpt":{"rendered":"<p>Durante la\u00a0exposici\u00f3n de la Ley de Presupuesto 2025\u00a0en el Congreso,\u00a0el presidente Javier Milei declar\u00f3 que las provincias deber\u00e1n realizar un fuerte ajuste de 60 millones de d\u00f3lares. La afirmaci\u00f3n encendi\u00f3 las alarmas entre los mandatarios provinciales, incluido el mendocino Alfredo Cornejo. Para aclarar la situaci\u00f3n, el ministro de Econom\u00eda,&nbsp;Luis Caputo y&nbsp;el ministro del Interior,&nbsp;Guillermo Francos,&nbsp;organizaron [&hellip;]<\/p>\n","protected":false},"author":2,"featured_media":9216,"comment_status":"open","ping_status":"open","sticky":false,"template":"","format":"standard","meta":[],"categories":[47],"tags":[],"_links":{"self":[{"href":"https:\/\/pasaenmendoza.com\/index.php?rest_route=\/wp\/v2\/posts\/9215"}],"collection":[{"href":"https:\/\/pasaenmendoza.com\/index.php?rest_route=\/wp\/v2\/posts"}],"about":[{"href":"https:\/\/pasaenmendoza.com\/index.php?rest_route=\/wp\/v2\/types\/post"}],"author":[{"embeddable":true,"href":"https:\/\/pasaenmendoza.com\/index.php?rest_route=\/wp\/v2\/users\/2"}],"replies":[{"embeddable":true,"href":"https:\/\/pasaenmendoza.com\/index.php?rest_route=%2Fwp%2Fv2%2Fcomments&post=9215"}],"version-history":[{"count":1,"href":"https:\/\/pasaenmendoza.com\/index.php?rest_route=\/wp\/v2\/posts\/9215\/revisions"}],"predecessor-version":[{"id":9217,"href":"https:\/\/pasaenmendoza.com\/index.php?rest_route=\/wp\/v2\/posts\/9215\/revisions\/9217"}],"wp:featuredmedia":[{"embeddable":true,"href":"https:\/\/pasaenmendoza.com\/index.php?rest_route=\/wp\/v2\/media\/9216"}],"wp:attachment":[{"href":"https:\/\/pasaenmendoza.com\/index.php?rest_route=%2Fwp%2Fv2%2Fmedia&parent=9215"}],"wp:term":[{"taxonomy":"category","embeddable":true,"href":"https:\/\/pasaenmendoza.com\/index.php?rest_route=%2Fwp%2Fv2%2Fcategories&post=9215"},{"taxonomy":"post_tag","embeddable":true,"href":"https:\/\/pasaenmendoza.com\/index.php?rest_route=%2Fwp%2Fv2%2Ftags&post=9215"}],"curies":[{"name":"wp","href":"https:\/\/api.w.org\/{rel}","templated":true}]}}