{"id":9218,"date":"2024-09-16T23:15:26","date_gmt":"2024-09-16T21:15:26","guid":{"rendered":"https:\/\/pasaenmendoza.com\/?p=9218"},"modified":"2024-09-16T23:15:28","modified_gmt":"2024-09-16T21:15:28","slug":"desde-la-justicia-de-mendoza-aseguraron-que-94-de-las-pequenas-causas-se-resuelve-en-45-dias-habiles","status":"publish","type":"post","link":"https:\/\/pasaenmendoza.com\/?p=9218","title":{"rendered":"Desde la Justicia de Mendoza aseguraron que 94% de las peque\u00f1as causas se resuelve en 45 d\u00edas h\u00e1biles"},"content":{"rendered":"\n<p>La\u00a0<strong>Oficina de Peque\u00f1as Causas y Consumo<\/strong>, que comenz\u00f3 a funcionar en 2015 en la\u00a0<strong>Justicia de Mendoza<\/strong>, logr\u00f3 que cada causa que ingresa no demore m\u00e1s de 45 d\u00edas h\u00e1biles su tramitaci\u00f3n y en el\u00a0<strong>94% de los casos se resuelven a trav\u00e9s de una instancia de negociaci\u00f3n<\/strong>\u00a0sin necesidad de llegar a litigar con abogados, explicaron desde el Poder Judicial.<\/p>\n\n\n\n<p>&#8220;Para ese 6% restante que no llega a resolverse en la oficina judicial se arma un expediente y se env\u00eda a un juzgado de paz letrado donde el magistrado, una vez que recibe el expediente tiene 15 d\u00edas h\u00e1biles para fijar la audiencia en la que puede dictar una sentencia de forma oral en el momento&#8221;, ampliaron.<\/p>\n\n\n\n<p>Para esta instancia existe un\u00a0<strong>Registro de Abogados de Peque\u00f1as Causas<\/strong>, por un convenio que firm\u00f3 la Suprema Corte de Justicia con el Colegio de Abogados y Procuradores de Mendoza, que le permiten al ciudadano que inici\u00f3 la demanda poder litigar sin costos.<\/p>\n\n\n\n<h2 class=\"wp-block-heading\">\u00bfQu\u00e9 se entiende por peque\u00f1as causas?<\/h2>\n\n\n\n<p>Esta oficina, creada a trav\u00e9s de la modificaci\u00f3n del C\u00f3digo Procesal Civil, tiene injerencia en&nbsp;<strong>conflictos entre vecinos o en problemas de consumo<\/strong>&nbsp;de bajo monto. En la actualidad el&nbsp;<strong>l\u00edmite de competencia est\u00e1 establecido en 3 JUS, que equivale a $670.000<\/strong>. Este monto se actualiza una vez al a\u00f1o, algo en lo que ya est\u00e1 trabajando el Poder Judicial para que se actualice como lo hacen en la actualidad los honorarios de los abogados para adaptarlo a la econom\u00eda actual.<\/p>\n\n\n\n<p>El proceso en la oficina est\u00e1 establecido para que tenga un&nbsp;<strong>m\u00e1ximo de 3 audiencias,<\/strong>&nbsp;para lograr acercar las partes en una negociaci\u00f3n y solucionar el conflicto en una instancia judicial segura con todos los requisitos legales que garanticen el efectivo cumplimiento de lo acordado. \u201cGeneralmente se termina arreglando el problema en la segunda audiencia. Por eso tenemos un&nbsp;<strong>proceso que dura en promedio no m\u00e1s de 45 d\u00edas h\u00e1biles<\/strong>, aunque hay causas que duran menos\u201d, destac\u00f3 Carina Ginestar, encargada de la oficina.<\/p>\n\n\n\n<h2 class=\"wp-block-heading\">La Justicia asesora a 93 personas por d\u00eda<\/h2>\n\n\n\n<p>La funcionaria judicial cont\u00f3 que \u201cpor d\u00eda\u00a0<strong>brindamos asesoramiento a 93 personas,<\/strong>\u00a0por todos los medios que tenemos disponibles, mail, WhatsApp, de forma telef\u00f3nica, presencial o a trav\u00e9s del sistema de t\u00edcket. Pero esto no significa que sean 93 causas que se inician. En la oficina brindamos un asesoramiento jur\u00eddico en el que orientamos a la persona sobre el caso que tiene. Si entra dentro de los par\u00e1metros de la competencia de la Justicia de Peque\u00f1as Causas, iniciamos el expediente, caso contrario le explicamos a la persona c\u00f3mo tiene que hacer para resolver el problema\u201d.<\/p>\n\n\n\n<p>\u201cEsta es una de las formas que tenemos para&nbsp;<strong>garantizar el derecho humano de acceso a la Justicia<\/strong>&nbsp;a todos los ciudadanos y ciudadanas de Mendoza\u201d, explic\u00f3 Ginestar.<\/p>\n\n\n\n<h2 class=\"wp-block-heading\">Mendoza fue sede del primer Congreso Internacional de Peque\u00f1as Causas<\/h2>\n\n\n\n<p><strong>Mendoza&nbsp;<\/strong>fue el lugar elegido para llevar adelante el primer&nbsp;<strong>Congreso Internacional de Peque\u00f1as Causas<\/strong>, que organizo el recientemente creado Comit\u00e9 Internacional de Peque\u00f1as Causas de Am\u00e9rica del Sur, del cual la&nbsp;<strong>Suprema Corte de Justicia de Mendoza&nbsp;<\/strong>y su par del Estado de Pernambuco, Brasil, son creadores.<\/p>\n\n\n\n<p>Despu\u00e9s de estas actividades dos grandes temas quedaron en carpeta. El primero es la posibilidad de trabajar en materia\u00a0<strong>penal\u00a0<\/strong>las peque\u00f1as causas. Y lo segundo es la\u00a0<strong>creaci\u00f3n de un fuero de peque\u00f1as causas<\/strong>\u00a0que permita que todo se resuelva en un mismo lugar, lo que reducir\u00eda a\u00fan m\u00e1s los tiempos de resoluci\u00f3n de conflictos, que hoy es 45 d\u00edas h\u00e1biles.<\/p>\n\n\n\n<p>\u201cEste comit\u00e9 internacional que se cre\u00f3 tiene la intenci\u00f3n de motivar para que trabajemos estas peque\u00f1as causas o una j<strong>usticia especializada<\/strong>. Para los argentinos es un gran desaf\u00edo, que en Brasil ya lo hacen, que es trabajar en materia penal esta tem\u00e1tica. Para nosotros ser\u00eda muy importante tomar esta experiencia y ver c\u00f3mo la trasladamos a Argentina y que no sean s\u00f3lo de consumo y vecindad sino que avancemos sobre otras cuestiones&#8221;, remarc\u00f3 el ministro coordinador del fuero penal de la Suprema Corte de Justicia de Mendoza, Jos\u00e9 Valerio.<\/p>\n\n\n\n<p>En total fueron\u00a0<strong>2 d\u00edas de conferencias<\/strong>\u00a0en los que m\u00e1s de 500 personas visualizaron las exposiciones de manera virtual a trav\u00e9s del canal de YouTube del Poder Judicial, SijumTV. La novedad para este evento fue que, al tratarse en mayor medida de participantes de Brasil, se habilitaron 2 canales, uno donde se pod\u00edan escuchar todas las conferencias que se realizaban en portugu\u00e9s traducidas al espa\u00f1ol y otro canal que traduc\u00eda las conferencia del espa\u00f1ol al portugu\u00e9s.<\/p>\n\n\n\n<p><strong>Carina Ginestar, encargada de la Oficina de Peque\u00f1as Causas de Mendoza<\/strong>&nbsp;y responsable de la organizaci\u00f3n y realizaci\u00f3n del evento, evalu\u00f3 que \u201chace muchos a\u00f1os que venimos trabajando para que esta justicia est\u00e9 en todos los pa\u00edses de Am\u00e9rica del Sur. Ahora comienzan un mont\u00f3n de actividades. Y queremos destacar que ya tenemos la confirmaci\u00f3n de que se suman a este comit\u00e9 internacional el Estado de Rondonia, Brasil, y las provincias argentinas de Tucum\u00e1n, Chaco, Neuqu\u00e9n y Salta, aunque en el corto plazo se van a sumar m\u00e1s\u201d.<\/p>\n\n\n\n<p>Si bien la justicia de peque\u00f1as causas en pa\u00edses como Estados Unidos, Reino Unido, Pa\u00edses Bajos y Espa\u00f1a, entre otros, tiene m\u00e1s de 100 a\u00f1os, en Latinoam\u00e9rica s\u00f3lo est\u00e1 presente en Brasil (con m\u00e1s de 40 a\u00f1os de trayectoria donde tienen la Central de Reclamaciones de Peque\u00f1as Causas y los juzgados de Peque\u00f1as Causas) y Argentina. Incluso dentro del pa\u00eds, Mendoza es pionera en su implementaci\u00f3n y puesta en marcha, y este espacio s\u00f3lo est\u00e1 en Santa Fe.<\/p>\n\n\n\n<p><strong>Fuente: www.diariouno.com.ar<\/strong><\/p>\n","protected":false},"excerpt":{"rendered":"<p>La\u00a0Oficina de Peque\u00f1as Causas y Consumo, que comenz\u00f3 a funcionar en 2015 en la\u00a0Justicia de Mendoza, logr\u00f3 que cada causa que ingresa no demore m\u00e1s de 45 d\u00edas h\u00e1biles su tramitaci\u00f3n y en el\u00a094% de los casos se resuelven a trav\u00e9s de una instancia de negociaci\u00f3n\u00a0sin necesidad de llegar a litigar con abogados, explicaron desde [&hellip;]<\/p>\n","protected":false},"author":2,"featured_media":9219,"comment_status":"open","ping_status":"open","sticky":false,"template":"","format":"standard","meta":[],"categories":[60],"tags":[],"_links":{"self":[{"href":"https:\/\/pasaenmendoza.com\/index.php?rest_route=\/wp\/v2\/posts\/9218"}],"collection":[{"href":"https:\/\/pasaenmendoza.com\/index.php?rest_route=\/wp\/v2\/posts"}],"about":[{"href":"https:\/\/pasaenmendoza.com\/index.php?rest_route=\/wp\/v2\/types\/post"}],"author":[{"embeddable":true,"href":"https:\/\/pasaenmendoza.com\/index.php?rest_route=\/wp\/v2\/users\/2"}],"replies":[{"embeddable":true,"href":"https:\/\/pasaenmendoza.com\/index.php?rest_route=%2Fwp%2Fv2%2Fcomments&post=9218"}],"version-history":[{"count":1,"href":"https:\/\/pasaenmendoza.com\/index.php?rest_route=\/wp\/v2\/posts\/9218\/revisions"}],"predecessor-version":[{"id":9220,"href":"https:\/\/pasaenmendoza.com\/index.php?rest_route=\/wp\/v2\/posts\/9218\/revisions\/9220"}],"wp:featuredmedia":[{"embeddable":true,"href":"https:\/\/pasaenmendoza.com\/index.php?rest_route=\/wp\/v2\/media\/9219"}],"wp:attachment":[{"href":"https:\/\/pasaenmendoza.com\/index.php?rest_route=%2Fwp%2Fv2%2Fmedia&parent=9218"}],"wp:term":[{"taxonomy":"category","embeddable":true,"href":"https:\/\/pasaenmendoza.com\/index.php?rest_route=%2Fwp%2Fv2%2Fcategories&post=9218"},{"taxonomy":"post_tag","embeddable":true,"href":"https:\/\/pasaenmendoza.com\/index.php?rest_route=%2Fwp%2Fv2%2Ftags&post=9218"}],"curies":[{"name":"wp","href":"https:\/\/api.w.org\/{rel}","templated":true}]}}