{"id":9224,"date":"2024-09-16T23:25:29","date_gmt":"2024-09-16T21:25:29","guid":{"rendered":"https:\/\/pasaenmendoza.com\/?p=9224"},"modified":"2024-09-16T23:25:31","modified_gmt":"2024-09-16T21:25:31","slug":"fiesta-de-la-cerveza-2024-se-confirmo-que-artistas-estaran-presentes","status":"publish","type":"post","link":"https:\/\/pasaenmendoza.com\/?p=9224","title":{"rendered":"Fiesta de la Cerveza 2024: se confirm\u00f3 qu\u00e9 artistas estar\u00e1n presentes"},"content":{"rendered":"\n<p>La edici\u00f3n n\u00famero 17 de la<strong>\u00a0<\/strong>Fiesta Provincial de la Cerveza ya tiene su line up completo. A\u00a0Mar\u00eda Becerra, que fue la primera artista confirmada, se suman\u00a0<strong>La Konga, Q\u00b4Lokura, Babas\u00f3nicos, Turf, Las Pelotas, Kapanga, Los Tipitos, AINDA, y La Banda de Carlitos y Eugenia Quevedo<\/strong>.<\/p>\n\n\n\n<p>As\u00ed, el tradicional festival mendocino, que tendr\u00e1 lugar los d\u00edas 5,6,7 y 8 de diciembre, vivir\u00e1 cuatro noches de rock, pop y cuarteto.<\/p>\n\n\n\n<p><strong>Q\u2019Lokura y La Konga<\/strong>\u00a0compartir\u00e1n escenario por primera vez y agitar\u00e1n la jornada del jueves 5 de diciembre. Se le sumar\u00e1n\u00a0<strong>La Banda de Carlitos y Eugenia Quevedo.<\/strong><\/p>\n\n\n\n<p>El viernes 6, en tanto, ser\u00e1 el turno del rock-pop.&nbsp;<strong>Ainda, Turf y<\/strong>&nbsp;<strong>Babas\u00f3nicos&nbsp;<\/strong>le dar\u00e1n el impulso al comienzo del fin de semana.<\/p>\n\n\n\n<p>Por su parte, el rock ser\u00e1 protagonista en la jornada del s\u00e1bado 7, que tendr\u00e1 en su grilla a<strong>&nbsp;Los Tipitos, Kapanga y Las Pelotas.<\/strong><\/p>\n\n\n\n<p>Por \u00faltimo, el gran cierre ser\u00e1 el domingo 8, a cargo de\u00a0<strong>Maria Becerra.<\/strong><\/p>\n\n\n\n<p>Adem\u00e1s, como es habitual, el festival tambi\u00e9n contar\u00e1 con la participaci\u00f3n de\u00a0bandas locales.<\/p>\n\n\n\n<h2 class=\"wp-block-heading\" id=\"h-venta-de-entradas-los-valores-y-como-adquirirlas\">Venta de entradas: los valores y c\u00f3mo adquirirlas<\/h2>\n\n\n\n<p>Los tickets para todas las noches de la Fiesta Provincial de la Cerveza ya est\u00e1n a la venta y se pueden adquirir en hasta 3 cuotas sin inter\u00e9s a trav\u00e9s de\u00a0<strong>www.showstickets.ar<\/strong>.<\/p>\n\n\n\n<p>Para la noche del\u00a0<strong>jueves 5<\/strong>, habr\u00e1 un\u00a0<strong>cupo limitado a $10.000<\/strong>. En tanto, la\u00a0<strong>venta general<\/strong>\u00a0para cada una de las otras jornadas tendr\u00e1 un\u00a0<strong>valor de $25.000<\/strong>.<\/p>\n\n\n\n<p>Adem\u00e1s, tambi\u00e9n habr\u00e1\u00a0<strong>sector VIP<\/strong>, en el que el precio de las entradas asciende a\u00a0<strong>$45.000<\/strong>.<\/p>\n\n\n\n<p><strong>Fuente: www.elsol.com.ar<\/strong><\/p>\n","protected":false},"excerpt":{"rendered":"<p>La edici\u00f3n n\u00famero 17 de la\u00a0Fiesta Provincial de la Cerveza ya tiene su line up completo. A\u00a0Mar\u00eda Becerra, que fue la primera artista confirmada, se suman\u00a0La Konga, Q\u00b4Lokura, Babas\u00f3nicos, Turf, Las Pelotas, Kapanga, Los Tipitos, AINDA, y La Banda de Carlitos y Eugenia Quevedo. As\u00ed, el tradicional festival mendocino, que tendr\u00e1 lugar los d\u00edas 5,6,7 [&hellip;]<\/p>\n","protected":false},"author":2,"featured_media":9225,"comment_status":"open","ping_status":"open","sticky":false,"template":"","format":"standard","meta":[],"categories":[50],"tags":[],"_links":{"self":[{"href":"https:\/\/pasaenmendoza.com\/index.php?rest_route=\/wp\/v2\/posts\/9224"}],"collection":[{"href":"https:\/\/pasaenmendoza.com\/index.php?rest_route=\/wp\/v2\/posts"}],"about":[{"href":"https:\/\/pasaenmendoza.com\/index.php?rest_route=\/wp\/v2\/types\/post"}],"author":[{"embeddable":true,"href":"https:\/\/pasaenmendoza.com\/index.php?rest_route=\/wp\/v2\/users\/2"}],"replies":[{"embeddable":true,"href":"https:\/\/pasaenmendoza.com\/index.php?rest_route=%2Fwp%2Fv2%2Fcomments&post=9224"}],"version-history":[{"count":1,"href":"https:\/\/pasaenmendoza.com\/index.php?rest_route=\/wp\/v2\/posts\/9224\/revisions"}],"predecessor-version":[{"id":9226,"href":"https:\/\/pasaenmendoza.com\/index.php?rest_route=\/wp\/v2\/posts\/9224\/revisions\/9226"}],"wp:featuredmedia":[{"embeddable":true,"href":"https:\/\/pasaenmendoza.com\/index.php?rest_route=\/wp\/v2\/media\/9225"}],"wp:attachment":[{"href":"https:\/\/pasaenmendoza.com\/index.php?rest_route=%2Fwp%2Fv2%2Fmedia&parent=9224"}],"wp:term":[{"taxonomy":"category","embeddable":true,"href":"https:\/\/pasaenmendoza.com\/index.php?rest_route=%2Fwp%2Fv2%2Fcategories&post=9224"},{"taxonomy":"post_tag","embeddable":true,"href":"https:\/\/pasaenmendoza.com\/index.php?rest_route=%2Fwp%2Fv2%2Ftags&post=9224"}],"curies":[{"name":"wp","href":"https:\/\/api.w.org\/{rel}","templated":true}]}}