{"id":9227,"date":"2024-09-17T23:42:27","date_gmt":"2024-09-17T21:42:27","guid":{"rendered":"https:\/\/pasaenmendoza.com\/?p=9227"},"modified":"2024-09-17T23:42:29","modified_gmt":"2024-09-17T21:42:29","slug":"dia-del-empleado-de-comercio-cuando-no-abriran-los-supermercados-y-shoppings-de-mendoza","status":"publish","type":"post","link":"https:\/\/pasaenmendoza.com\/?p=9227","title":{"rendered":"D\u00eda del empleado de comercio: cu\u00e1ndo no abrir\u00e1n los supermercados y shoppings de Mendoza"},"content":{"rendered":"\n<p>Por el&nbsp;<strong>D\u00eda del empleado de comercio,<\/strong>&nbsp;la actividad se paralizar\u00e1&nbsp;<strong>el lunes 23 de septiembre<\/strong>. De esta forma, no abrir\u00e1n sus puertas desde peque\u00f1os locales hasta supermercados y shoppings.<\/p>\n\n\n\n<p>Seg\u00fan lo informado por el Centro de Empleados de Comercio, si bien se celebra por ley el 26 de septiembre, de acuerdo con la norma 26.541, independientemente de la fecha que de acuerdo al calendario corresponda, se trasladar\u00e1 y celebrar\u00e1 sin actividad comercial el cuarto lunes de septiembre.<\/p>\n\n\n\n<p>El Centro Empleados de Mendoza y las C\u00e1maras de Comercio: Uni\u00f3n Comercial e Industrial de Mendoza (UCIM), C\u00e1mara Empresaria, Comercio, Industria, Turismo y Servicios de Mendoza (CECITYS) y la Federaci\u00f3n Econ\u00f3mica de Mendoza (FEM) confirmaron la plena vigencia del acuerdo de la fecha referida a la celebraci\u00f3n del D\u00eda del Empleado de Comercio.<\/p>\n\n\n\n<p>Tambi\u00e9n adhieren las\u00a0<strong>cadenas de supermercados, hipermercados, mayoristas, shopping y comercios minoristas, extensiva para toda la provincia.<\/strong><\/p>\n\n\n\n<p><strong>Fuente: www.elsol.com.ar<\/strong><\/p>\n","protected":false},"excerpt":{"rendered":"<p>Por el&nbsp;D\u00eda del empleado de comercio,&nbsp;la actividad se paralizar\u00e1&nbsp;el lunes 23 de septiembre. De esta forma, no abrir\u00e1n sus puertas desde peque\u00f1os locales hasta supermercados y shoppings. Seg\u00fan lo informado por el Centro de Empleados de Comercio, si bien se celebra por ley el 26 de septiembre, de acuerdo con la norma 26.541, independientemente de [&hellip;]<\/p>\n","protected":false},"author":2,"featured_media":9228,"comment_status":"open","ping_status":"open","sticky":false,"template":"","format":"standard","meta":[],"categories":[112],"tags":[],"_links":{"self":[{"href":"https:\/\/pasaenmendoza.com\/index.php?rest_route=\/wp\/v2\/posts\/9227"}],"collection":[{"href":"https:\/\/pasaenmendoza.com\/index.php?rest_route=\/wp\/v2\/posts"}],"about":[{"href":"https:\/\/pasaenmendoza.com\/index.php?rest_route=\/wp\/v2\/types\/post"}],"author":[{"embeddable":true,"href":"https:\/\/pasaenmendoza.com\/index.php?rest_route=\/wp\/v2\/users\/2"}],"replies":[{"embeddable":true,"href":"https:\/\/pasaenmendoza.com\/index.php?rest_route=%2Fwp%2Fv2%2Fcomments&post=9227"}],"version-history":[{"count":1,"href":"https:\/\/pasaenmendoza.com\/index.php?rest_route=\/wp\/v2\/posts\/9227\/revisions"}],"predecessor-version":[{"id":9229,"href":"https:\/\/pasaenmendoza.com\/index.php?rest_route=\/wp\/v2\/posts\/9227\/revisions\/9229"}],"wp:featuredmedia":[{"embeddable":true,"href":"https:\/\/pasaenmendoza.com\/index.php?rest_route=\/wp\/v2\/media\/9228"}],"wp:attachment":[{"href":"https:\/\/pasaenmendoza.com\/index.php?rest_route=%2Fwp%2Fv2%2Fmedia&parent=9227"}],"wp:term":[{"taxonomy":"category","embeddable":true,"href":"https:\/\/pasaenmendoza.com\/index.php?rest_route=%2Fwp%2Fv2%2Fcategories&post=9227"},{"taxonomy":"post_tag","embeddable":true,"href":"https:\/\/pasaenmendoza.com\/index.php?rest_route=%2Fwp%2Fv2%2Ftags&post=9227"}],"curies":[{"name":"wp","href":"https:\/\/api.w.org\/{rel}","templated":true}]}}