{"id":9230,"date":"2024-09-17T23:47:00","date_gmt":"2024-09-17T21:47:00","guid":{"rendered":"https:\/\/pasaenmendoza.com\/?p=9230"},"modified":"2024-09-17T23:47:01","modified_gmt":"2024-09-17T21:47:01","slug":"este-viernes-los-alumnos-de-todos-los-niveles-de-la-dge-no-tendran-clases-porque-hay-jornadas-docentes","status":"publish","type":"post","link":"https:\/\/pasaenmendoza.com\/?p=9230","title":{"rendered":"Este viernes los alumnos de todos los niveles de la DGE no tendr\u00e1n clases porque hay jornadas docentes"},"content":{"rendered":"\n<p><strong>Este viernes<\/strong>, un d\u00eda antes del D\u00eda del Estudiante,\u00a0<strong>los alumnos de Mendoza no tendr\u00e1n clases\u00a0<\/strong>en todos los turnos, niveles y modalidades, tanto de establecimientos de gesti\u00f3n p\u00fablica y privada. As\u00ed lo confirm\u00f3 la Direcci\u00f3n General de Escuelas (<strong>DGE<\/strong>).<\/p>\n\n\n\n<p>Los que s\u00ed concurrir\u00e1n a las instituciones y &#8220;con car\u00e1cter obligatorio&#8221; ser\u00e1n supervisores, equipo Jer\u00e1rquico, docentes, preceptores y servicios de orientaci\u00f3n vocacional, quienes participar\u00e1n de&nbsp;<strong>Jornadas Institucionales<\/strong>.<\/p>\n\n\n\n<p>Las Jornadas Institucionales de este 20 de septiembre est\u00e1n &#8220;destinadas a la evaluaci\u00f3n formativa desde la mirada de\u00a0<strong>trayectorias diversas y la evaluaci\u00f3n institucional<\/strong>\u00a0para lograr una mejora hacia dentro de cada instituci\u00f3n&#8221;.<\/p>\n\n\n\n<h2 class=\"wp-block-heading\">La DGE cre\u00f3 cuatro carreras nuevas en San Rafael<\/h2>\n\n\n\n<p>La Direcci\u00f3n General de Escuelas (DGE) present\u00f3 cuatro nuevas carreras de nivel superior en San Rafael. El departamento sure\u00f1o contar\u00e1, a partir del ciclo lectivo 2025, con las tecnicaturas en Gastronom\u00eda, Servicios B\u00e1sicos y Construcciones Livianas, Recursos Renovables, y Recursos Humanos.<\/p>\n\n\n\n<p>El gobierno escolar anunci\u00f3 este lunes las nuevas carreras de nivel Superior que se podr\u00e1n cursar en San Rafael a partir del ciclo lectivo 2025 en los distintos Institutos de Educaci\u00f3n Superior del departamento sure\u00f1o.<\/p>\n\n\n\n<p>La subdirectora de Educaci\u00f3n, Claudia Ferrari y la directora de Nivel Superior Mariela Ramos, brindaron detalles de las carreras en una conferencia de prensa realizada en el Centro de Congresos y Exposiciones de San Rafael ante diferentes rectores y docentes de los institutos.<\/p>\n\n\n\n<p>La subsecretaria de Educaci\u00f3n, Claudia Ferrari, expres\u00f3 que es muy importante para los j\u00f3venes del departamento el lanzamiento de esta nueva oferta educativa destinada a todos los que en el 2025 est\u00e9n iniciando el camino por la educaci\u00f3n Superior. \u201cSeguimos trabajando el mismo concepto que tiene que ver con analizar los entornos productivos de la provincia y en funci\u00f3n de la demanda ir generando las alternativas de educaci\u00f3n que les permita a los j\u00f3venes estudiar carreras actualizadas y que tengan salida laboral.\u00a0<strong>Tengamos en cuenta que estas carreras en San Rafael no exist\u00edan\u201d,<\/strong>\u00a0observ\u00f3 Ferrari.<\/p>\n\n\n\n<p><strong>Fuente: www.diariouno.com.ar<\/strong><\/p>\n","protected":false},"excerpt":{"rendered":"<p>Este viernes, un d\u00eda antes del D\u00eda del Estudiante,\u00a0los alumnos de Mendoza no tendr\u00e1n clases\u00a0en todos los turnos, niveles y modalidades, tanto de establecimientos de gesti\u00f3n p\u00fablica y privada. As\u00ed lo confirm\u00f3 la Direcci\u00f3n General de Escuelas (DGE). Los que s\u00ed concurrir\u00e1n a las instituciones y &#8220;con car\u00e1cter obligatorio&#8221; ser\u00e1n supervisores, equipo Jer\u00e1rquico, docentes, preceptores [&hellip;]<\/p>\n","protected":false},"author":2,"featured_media":9232,"comment_status":"open","ping_status":"open","sticky":false,"template":"","format":"standard","meta":[],"categories":[56],"tags":[],"_links":{"self":[{"href":"https:\/\/pasaenmendoza.com\/index.php?rest_route=\/wp\/v2\/posts\/9230"}],"collection":[{"href":"https:\/\/pasaenmendoza.com\/index.php?rest_route=\/wp\/v2\/posts"}],"about":[{"href":"https:\/\/pasaenmendoza.com\/index.php?rest_route=\/wp\/v2\/types\/post"}],"author":[{"embeddable":true,"href":"https:\/\/pasaenmendoza.com\/index.php?rest_route=\/wp\/v2\/users\/2"}],"replies":[{"embeddable":true,"href":"https:\/\/pasaenmendoza.com\/index.php?rest_route=%2Fwp%2Fv2%2Fcomments&post=9230"}],"version-history":[{"count":1,"href":"https:\/\/pasaenmendoza.com\/index.php?rest_route=\/wp\/v2\/posts\/9230\/revisions"}],"predecessor-version":[{"id":9233,"href":"https:\/\/pasaenmendoza.com\/index.php?rest_route=\/wp\/v2\/posts\/9230\/revisions\/9233"}],"wp:featuredmedia":[{"embeddable":true,"href":"https:\/\/pasaenmendoza.com\/index.php?rest_route=\/wp\/v2\/media\/9232"}],"wp:attachment":[{"href":"https:\/\/pasaenmendoza.com\/index.php?rest_route=%2Fwp%2Fv2%2Fmedia&parent=9230"}],"wp:term":[{"taxonomy":"category","embeddable":true,"href":"https:\/\/pasaenmendoza.com\/index.php?rest_route=%2Fwp%2Fv2%2Fcategories&post=9230"},{"taxonomy":"post_tag","embeddable":true,"href":"https:\/\/pasaenmendoza.com\/index.php?rest_route=%2Fwp%2Fv2%2Ftags&post=9230"}],"curies":[{"name":"wp","href":"https:\/\/api.w.org\/{rel}","templated":true}]}}