{"id":9237,"date":"2024-09-17T23:59:43","date_gmt":"2024-09-17T21:59:43","guid":{"rendered":"https:\/\/pasaenmendoza.com\/?p=9237"},"modified":"2024-09-17T23:59:45","modified_gmt":"2024-09-17T21:59:45","slug":"la-corte-dejo-a-janina-ortiz-al-filo-de-la-imputacion-por-sustraccion-de-35-millones-de-las-heras","status":"publish","type":"post","link":"https:\/\/pasaenmendoza.com\/?p=9237","title":{"rendered":"La Corte dej\u00f3 a Janina Ortiz al filo de la imputaci\u00f3n por sustracci\u00f3n de $35 millones de Las Heras"},"content":{"rendered":"\n<p>La Suprema Corte de Justicia dej\u00f3 este martes a\u00a0<strong>Janina Ortiz<\/strong>\u00a0al filo de la imputaci\u00f3n por el delito de peculado por $35 millones de las arcas de la Municipalidad de Las Heras y que podr\u00eda mandarla a la c\u00e1rcel de 2 a 10 a\u00f1os.<\/p>\n\n\n\n<p>Los supremos Julio G\u00f3mez, Jos\u00e9 Valerio y Teresa Day rechazaron un recurso extraordinario de Casaci\u00f3n que la suspendida diputada demarchista y ex funcionaria de&nbsp;<strong>Las Heras Janina Ortiz&nbsp;<\/strong>present\u00f3 contra dos tribunales penales colegiados que avalaron los t\u00e9rminos de la investigaci\u00f3n de la Unidad Fiscal de Delitos Econ\u00f3micos.<\/p>\n\n\n\n<p><strong>El peculado es la figura penal que se aplica a quienes sustraen fondos p\u00fablicos cuya administraci\u00f3n tienen a su cargo.<\/strong><\/p>\n\n\n\n<p>La suspendida legisladora demarchista ya hab\u00eda sido imputada por el delito de coacciones agravadas en perjuicio de una empleada municipal de Las Heras, investigaci\u00f3n a cargo de un fiscal de Delitos No Especializados.<\/p>\n\n\n\n<p>En la pesquisa judicial por el delito de peculado con dinero de&nbsp;<strong>Las Heras<\/strong>&nbsp;girado a cooperativas de trabajo fantasma ya est\u00e1 imputado el ex intendente&nbsp;<strong>Daniel Orozco<\/strong>, quien se neg\u00f3 a prestar declaraci\u00f3n indagatoria cuando fue citado por Ticheli.<\/p>\n\n\n\n<p><strong>Otro implicado e imputado por el mismo delito es Osvaldo Oyhenart, ex funcionario de Las Heras que depend\u00eda de Janina Ortiz.<\/strong><\/p>\n\n\n\n<p>Por el delito de fraude ya fueron imputados el yerno del primero,&nbsp;<strong>Juan Pablo Pandolfi<\/strong>&nbsp;-yerno de Oyhenart- y<strong>&nbsp;Adri\u00e1n P\u00e9rez<\/strong>, quien figura como titular de la cooperativa de trabajo Manos a la Obra que recibi\u00f3 $35 millones.<\/p>\n\n\n\n<p>Hay m\u00e1s implicados pero con menor responsabilidad penal. Muchos son t\u00e9cnicos y profesionales contables.<\/p>\n\n\n\n<p><strong>Fuente: www.diariouno.com.ar<\/strong><\/p>\n","protected":false},"excerpt":{"rendered":"<p>La Suprema Corte de Justicia dej\u00f3 este martes a\u00a0Janina Ortiz\u00a0al filo de la imputaci\u00f3n por el delito de peculado por $35 millones de las arcas de la Municipalidad de Las Heras y que podr\u00eda mandarla a la c\u00e1rcel de 2 a 10 a\u00f1os. Los supremos Julio G\u00f3mez, Jos\u00e9 Valerio y Teresa Day rechazaron un recurso [&hellip;]<\/p>\n","protected":false},"author":2,"featured_media":9238,"comment_status":"open","ping_status":"open","sticky":false,"template":"","format":"standard","meta":[],"categories":[60],"tags":[],"_links":{"self":[{"href":"https:\/\/pasaenmendoza.com\/index.php?rest_route=\/wp\/v2\/posts\/9237"}],"collection":[{"href":"https:\/\/pasaenmendoza.com\/index.php?rest_route=\/wp\/v2\/posts"}],"about":[{"href":"https:\/\/pasaenmendoza.com\/index.php?rest_route=\/wp\/v2\/types\/post"}],"author":[{"embeddable":true,"href":"https:\/\/pasaenmendoza.com\/index.php?rest_route=\/wp\/v2\/users\/2"}],"replies":[{"embeddable":true,"href":"https:\/\/pasaenmendoza.com\/index.php?rest_route=%2Fwp%2Fv2%2Fcomments&post=9237"}],"version-history":[{"count":1,"href":"https:\/\/pasaenmendoza.com\/index.php?rest_route=\/wp\/v2\/posts\/9237\/revisions"}],"predecessor-version":[{"id":9239,"href":"https:\/\/pasaenmendoza.com\/index.php?rest_route=\/wp\/v2\/posts\/9237\/revisions\/9239"}],"wp:featuredmedia":[{"embeddable":true,"href":"https:\/\/pasaenmendoza.com\/index.php?rest_route=\/wp\/v2\/media\/9238"}],"wp:attachment":[{"href":"https:\/\/pasaenmendoza.com\/index.php?rest_route=%2Fwp%2Fv2%2Fmedia&parent=9237"}],"wp:term":[{"taxonomy":"category","embeddable":true,"href":"https:\/\/pasaenmendoza.com\/index.php?rest_route=%2Fwp%2Fv2%2Fcategories&post=9237"},{"taxonomy":"post_tag","embeddable":true,"href":"https:\/\/pasaenmendoza.com\/index.php?rest_route=%2Fwp%2Fv2%2Ftags&post=9237"}],"curies":[{"name":"wp","href":"https:\/\/api.w.org\/{rel}","templated":true}]}}