{"id":9241,"date":"2024-09-18T20:29:56","date_gmt":"2024-09-18T18:29:56","guid":{"rendered":"https:\/\/pasaenmendoza.com\/?p=9241"},"modified":"2024-09-18T20:29:57","modified_gmt":"2024-09-18T18:29:57","slug":"se-registraron-esperas-y-mucho-transito-por-la-ola-de-chilenos-que-visitan-mendoza-durante-su-fin-de-semana-xl","status":"publish","type":"post","link":"https:\/\/pasaenmendoza.com\/?p=9241","title":{"rendered":"Se registraron esperas y mucho tr\u00e1nsito por la ola de chilenos que visitan Mendoza durante su fin de semana XL"},"content":{"rendered":"\n<p><strong>Chile<\/strong>\u00a0celebra sus fiestas patrias en un fin de semana que para muchos durar\u00e1 5 d\u00edas, y la\u00a0<strong>ola de turistas\u00a0<\/strong>que se esperaba empieza a confirmarse. De hecho, son alrededor de 13.000 los visitantes que ya cruzaron la frontera hacia\u00a0<strong>Mendoza\u00a0<\/strong>y en el comercio local hay expectativa por lo que puedan gastar en estas tierras.<\/p>\n\n\n\n<p>S\u00f3lo el martes, las autoridades de frontera contabilizaron\u00a0<strong>4.542 ingresos<\/strong>. El paso funciona con su horario de verano, es decir<strong>\u00a0las 24 horas<\/strong>, lo que facilita la circulaci\u00f3n.<\/p>\n\n\n\n<h2 class=\"wp-block-heading\">Esperas en la frontera entre Chile y Argentina<\/h2>\n\n\n\n<p>Mientras tanto, a media ma\u00f1ana trascendieron advertencias sobre las esperas en el&nbsp;<strong>Paso Cristo Redentor<\/strong>, entre largas filas de veh\u00edculos que se acumulan en el complejo Roque Carranza.<\/p>\n\n\n\n<p>Las autoridades instaron, adem\u00e1s, a tener en cuenta que puede haber -y de hecho hay-\u00a0<strong>demoras de unas 4 horas para realizar los tr\u00e1mites<\/strong>.<\/p>\n\n\n\n<p>Tradicionalmente, los feriados patrios en&nbsp;<strong>Chile<\/strong>&nbsp;son el&nbsp;<strong>18 y 19 de septiembre<\/strong>&nbsp;(mi\u00e9rcoles y jueves). Ocurre, a su vez, que muchos vecinos decidieron saltarse el d\u00eda laborable el viernes para enlazar con el s\u00e1bado y el domingo, completando as\u00ed&nbsp;<strong>5 d\u00edas de descanso<\/strong>.<\/p>\n\n\n\n<p>En&nbsp;<strong>Mendoza<\/strong>&nbsp;est\u00e1n atentos y han organizado, junto a la&nbsp;<strong>colectividad trasandina<\/strong>, algunos eventos alusivos.<\/p>\n\n\n\n<p>En efecto, desde este mi\u00e9rcoles se realiza en la Plaza Chile (Guti\u00e9rrez 5500, Ciudad) la\u00a0<strong>Fiesta de la Hermandad<\/strong>.<\/p>\n\n\n\n<h2 class=\"wp-block-heading\">Especialistas advirtieron sobre los peligros del viento Zonda<\/h2>\n\n\n\n<p>Pero atenci\u00f3n: uno de los factores que puede marcar el fin de semana en Mendoza es la presencia del&nbsp;<strong>viento Zonda<\/strong>, que comenzar\u00eda a soplar desde la madrugada de este jueves.<\/p>\n\n\n\n<p>Junto a otros colegas, el&nbsp;<strong>doctor en Meteorolog\u00eda Federico Norte<\/strong>&nbsp;avis\u00f3 que habr\u00e1 r\u00e1fagas violentas y que en algunas zonas de la provincia podr\u00edan alcanzar los 100 kil\u00f3metros por hora.<\/p>\n\n\n\n<p>Para Norte por lo menos\u00a0<strong>el d\u00eda jueves habr\u00eda que suspender actividades<\/strong>\u00a0que puedan representar un riesgo. &#8220;Se trata de un fen\u00f3meno extraordinario.\u00a0<strong>Traten de no salir<\/strong>. No es bueno estar en la calle cuando hay un fen\u00f3meno extraordinario de la categor\u00eda que parece que va a ser&#8221;, recalc\u00f3.<\/p>\n\n\n\n<p><strong>Fuente: www.diariouno.com.ar<\/strong><\/p>\n","protected":false},"excerpt":{"rendered":"<p>Chile\u00a0celebra sus fiestas patrias en un fin de semana que para muchos durar\u00e1 5 d\u00edas, y la\u00a0ola de turistas\u00a0que se esperaba empieza a confirmarse. De hecho, son alrededor de 13.000 los visitantes que ya cruzaron la frontera hacia\u00a0Mendoza\u00a0y en el comercio local hay expectativa por lo que puedan gastar en estas tierras. S\u00f3lo el martes, [&hellip;]<\/p>\n","protected":false},"author":2,"featured_media":9242,"comment_status":"open","ping_status":"open","sticky":false,"template":"","format":"standard","meta":[],"categories":[50],"tags":[],"_links":{"self":[{"href":"https:\/\/pasaenmendoza.com\/index.php?rest_route=\/wp\/v2\/posts\/9241"}],"collection":[{"href":"https:\/\/pasaenmendoza.com\/index.php?rest_route=\/wp\/v2\/posts"}],"about":[{"href":"https:\/\/pasaenmendoza.com\/index.php?rest_route=\/wp\/v2\/types\/post"}],"author":[{"embeddable":true,"href":"https:\/\/pasaenmendoza.com\/index.php?rest_route=\/wp\/v2\/users\/2"}],"replies":[{"embeddable":true,"href":"https:\/\/pasaenmendoza.com\/index.php?rest_route=%2Fwp%2Fv2%2Fcomments&post=9241"}],"version-history":[{"count":1,"href":"https:\/\/pasaenmendoza.com\/index.php?rest_route=\/wp\/v2\/posts\/9241\/revisions"}],"predecessor-version":[{"id":9243,"href":"https:\/\/pasaenmendoza.com\/index.php?rest_route=\/wp\/v2\/posts\/9241\/revisions\/9243"}],"wp:featuredmedia":[{"embeddable":true,"href":"https:\/\/pasaenmendoza.com\/index.php?rest_route=\/wp\/v2\/media\/9242"}],"wp:attachment":[{"href":"https:\/\/pasaenmendoza.com\/index.php?rest_route=%2Fwp%2Fv2%2Fmedia&parent=9241"}],"wp:term":[{"taxonomy":"category","embeddable":true,"href":"https:\/\/pasaenmendoza.com\/index.php?rest_route=%2Fwp%2Fv2%2Fcategories&post=9241"},{"taxonomy":"post_tag","embeddable":true,"href":"https:\/\/pasaenmendoza.com\/index.php?rest_route=%2Fwp%2Fv2%2Ftags&post=9241"}],"curies":[{"name":"wp","href":"https:\/\/api.w.org\/{rel}","templated":true}]}}