{"id":9244,"date":"2024-09-18T20:39:26","date_gmt":"2024-09-18T18:39:26","guid":{"rendered":"https:\/\/pasaenmendoza.com\/?p=9244"},"modified":"2024-09-18T20:39:28","modified_gmt":"2024-09-18T18:39:28","slug":"por-el-viento-zonda-federico-norte-recomendo-suspender-actividades-el-jueves-y-tal-vez-el-21-de-septiembre","status":"publish","type":"post","link":"https:\/\/pasaenmendoza.com\/?p=9244","title":{"rendered":"Por el viento Zonda, Federico Norte recomend\u00f3 suspender actividades el jueves y tal vez el 21 de septiembre"},"content":{"rendered":"\n<p>El doctor en Meteorolog\u00eda<strong>\u00a0Federico Norte<\/strong>\u00a0realiz\u00f3 una contundente advertencia a prop\u00f3sito del\u00a0<strong>viento Zonda<\/strong>\u00a0que -seg\u00fan el pron\u00f3stico del tiempo- comenzar\u00e1 a soplar en la tarde de este mi\u00e9rcoles en el Sur y el Valle de Uco y se extender\u00e1 durante varios d\u00edas alcanzando tambi\u00e9n al Gran Mendoza. Adem\u00e1s, puso especial \u00e9nfasis en tomar los recaudos correspondientes durante el<strong>\u00a0D\u00eda de la Primavera<\/strong>.<\/p>\n\n\n\n<p>&#8220;Ma\u00f1ana a la ma\u00f1ana, antes de la salida del sol, aparecen las primeras\u00a0<strong>r\u00e1fagas<\/strong>, que van a ser muy\u00a0<strong>violentas<\/strong>. El Zonda durar\u00e1 todo el d\u00eda, increment\u00e1ndose en su intensidad y durando hasta la noche o hasta las primeras horas del d\u00eda viernes, cuando habr\u00e1 un respiro&#8221;, indic\u00f3 el especialista.<\/p>\n\n\n\n<h2 class=\"wp-block-heading\">R\u00e1fagas de m\u00e1s de 100 kil\u00f3metros<\/h2>\n\n\n\n<p>&#8220;Estoy viendo bastante preocupado que el inicio del<strong>&nbsp;viento Zonda<\/strong>&nbsp;en San Rafael se inicia como a las 8 de la ma\u00f1ana (del jueves) con&nbsp;<strong>r\u00e1fagas de hasta 108 kil\u00f3metros por hora<\/strong>. Esto ya no es de categor\u00eda FNZ2, es FNZ3 al borde del FNZ4. Son las categor\u00edas m\u00e1s fuertes&#8221;, avizor\u00f3 Norte.<\/p>\n\n\n\n<p>Y ampli\u00f3: &#8220;O sea que<strong>&nbsp;San Rafael<\/strong>&nbsp;y el&nbsp;<strong>Valle de Uco&nbsp;<\/strong>van a tener vientos m\u00e1s fuertes todav\u00eda que nosotros (&#8230;)&#8221;.<\/p>\n\n\n\n<p>En cuanto a las localidades de monta\u00f1a, precis\u00f3 que en la precordillera, en Potrerillos y alrededores, habr\u00e1 r\u00e1fagas potentes &#8220;que van a quedar en altura el d\u00eda viernes y que se van a repetir el\u00a0<strong>s\u00e1bado<\/strong>\u00a0y los d\u00edas siguientes&#8221;.<\/p>\n\n\n\n<h2 class=\"wp-block-heading\">&#8220;Tengan conciencia&#8221;<\/h2>\n\n\n\n<p>El s\u00e1bado en la tarde -confirm\u00f3 Norte- el viento marcar\u00e1 el pulso del&nbsp;<strong>D\u00eda de la Primavera<\/strong>. Pero quiz\u00e1 no haya que esperar tanto para tomar recaudos.<\/p>\n\n\n\n<p>Para Norte por lo menos\u00a0<strong>el d\u00eda jueves habr\u00eda que suspender actividades<\/strong>\u00a0que puedan representar un riesgo. &#8220;Se trata de un fen\u00f3meno extraordinario.\u00a0<strong>Traten de no salir<\/strong>. No es bueno estar en la calle cuando hay un fen\u00f3meno extraordinario de la categor\u00eda que parece que va a ser&#8221;, recalc\u00f3.<\/p>\n\n\n\n<p>&#8220;Que los que tienen que tomar decisiones respecto a las actividades lo hagan con conciencia y no est\u00e9n esperando a ver si baj\u00f3 aqu\u00ed o ac\u00e1.&nbsp;<strong>El Zonda va a bajar en todos lados&nbsp;<\/strong>y durante todo el d\u00eda de ma\u00f1ana&#8221;, describi\u00f3 el cient\u00edfico.<\/p>\n\n\n\n<p>E insisti\u00f3: &#8220;A ver si eso queda claro para que tomen las adecuadas decisiones y se gu\u00eden por los\u00a0<strong>meteor\u00f3logos que hemos hecho trabajos espec\u00edficos sobre este fen\u00f3meno<\/strong>, que existen, que est\u00e1n en Mendoza y que los tienen que respetar. Porque si no despu\u00e9s aparece cualquiera. Y no se\u00f1ores, lo que estamos viendo es<strong>\u00a0contundente y generalizado<\/strong>. Y si se me arruin\u00f3 la fiesta del 21, \u00a1hag\u00e1mosla otro d\u00eda!&#8221;.<\/p>\n\n\n\n<p><strong>Fuente: www.diariouno.com.ar<\/strong><\/p>\n","protected":false},"excerpt":{"rendered":"<p>El doctor en Meteorolog\u00eda\u00a0Federico Norte\u00a0realiz\u00f3 una contundente advertencia a prop\u00f3sito del\u00a0viento Zonda\u00a0que -seg\u00fan el pron\u00f3stico del tiempo- comenzar\u00e1 a soplar en la tarde de este mi\u00e9rcoles en el Sur y el Valle de Uco y se extender\u00e1 durante varios d\u00edas alcanzando tambi\u00e9n al Gran Mendoza. Adem\u00e1s, puso especial \u00e9nfasis en tomar los recaudos correspondientes durante [&hellip;]<\/p>\n","protected":false},"author":2,"featured_media":9245,"comment_status":"open","ping_status":"open","sticky":false,"template":"","format":"standard","meta":[],"categories":[46],"tags":[],"_links":{"self":[{"href":"https:\/\/pasaenmendoza.com\/index.php?rest_route=\/wp\/v2\/posts\/9244"}],"collection":[{"href":"https:\/\/pasaenmendoza.com\/index.php?rest_route=\/wp\/v2\/posts"}],"about":[{"href":"https:\/\/pasaenmendoza.com\/index.php?rest_route=\/wp\/v2\/types\/post"}],"author":[{"embeddable":true,"href":"https:\/\/pasaenmendoza.com\/index.php?rest_route=\/wp\/v2\/users\/2"}],"replies":[{"embeddable":true,"href":"https:\/\/pasaenmendoza.com\/index.php?rest_route=%2Fwp%2Fv2%2Fcomments&post=9244"}],"version-history":[{"count":1,"href":"https:\/\/pasaenmendoza.com\/index.php?rest_route=\/wp\/v2\/posts\/9244\/revisions"}],"predecessor-version":[{"id":9246,"href":"https:\/\/pasaenmendoza.com\/index.php?rest_route=\/wp\/v2\/posts\/9244\/revisions\/9246"}],"wp:featuredmedia":[{"embeddable":true,"href":"https:\/\/pasaenmendoza.com\/index.php?rest_route=\/wp\/v2\/media\/9245"}],"wp:attachment":[{"href":"https:\/\/pasaenmendoza.com\/index.php?rest_route=%2Fwp%2Fv2%2Fmedia&parent=9244"}],"wp:term":[{"taxonomy":"category","embeddable":true,"href":"https:\/\/pasaenmendoza.com\/index.php?rest_route=%2Fwp%2Fv2%2Fcategories&post=9244"},{"taxonomy":"post_tag","embeddable":true,"href":"https:\/\/pasaenmendoza.com\/index.php?rest_route=%2Fwp%2Fv2%2Ftags&post=9244"}],"curies":[{"name":"wp","href":"https:\/\/api.w.org\/{rel}","templated":true}]}}