{"id":9247,"date":"2024-09-18T20:45:22","date_gmt":"2024-09-18T18:45:22","guid":{"rendered":"https:\/\/pasaenmendoza.com\/?p=9247"},"modified":"2024-09-18T20:45:23","modified_gmt":"2024-09-18T18:45:23","slug":"el-notti-reprogramo-cirugias-por-un-pico-de-demanda-de-alergias-y-enfermedades-respiratorias","status":"publish","type":"post","link":"https:\/\/pasaenmendoza.com\/?p=9247","title":{"rendered":"El Notti reprogram\u00f3 cirug\u00edas por un pico de demanda de alergias y enfermedades respiratorias"},"content":{"rendered":"\n<p>La guardia del<strong>\u00a0hospital Notti<\/strong>\u00a0y el \u00e1rea de internaci\u00f3n estuvieron saturadas la semana pasada por un pico de consultas por alergias y<strong>\u00a0enfermedades respiratorias<\/strong>\u00a0de tipo viral, por lo que hubo que reprogramar algunas cirug\u00edas para esta semana, al darse el fen\u00f3meno de &#8220;camas calientes&#8221;, es decir que apenas se desocupaban se asignaron a otro paciente.<\/p>\n\n\n\n<p>El jefe del servicio de Internaci\u00f3n del Hospital Notti,\u00a0<strong>Adolfo Aguirre Correa<\/strong>, explic\u00f3 que esperaban una baja de la demanda luego de las vacaciones de invierno. Sin embargo desde finales de agosto y en la \u00faltima semana se produjo un brote de cuadros al\u00e9rgicos y virales con un aumento de la demanda de\u00a0<strong>400 a 500 consultas diarias<\/strong>.<\/p>\n\n\n\n<p>&#8220;Estamos con una situaci\u00f3n que es habitual para esta \u00e9poca pero con una cantidad importante de casos que ingresan por guardia. Tambi\u00e9n hemos tenido pacientes que presentaron complicaciones y se requiri\u00f3 su internaci\u00f3n. Esto nos llev\u00f3 a realizar la\u00a0<strong>reprogramaci\u00f3n de cirug\u00edas<\/strong>\u00a0porque est\u00e1bamos trabajando a &#8220;camas calientes&#8221; con una alta rotaci\u00f3n de pacientes&#8221;, dio un panorama el m\u00e9dico pediatra.<\/p>\n\n\n\n<h2 class=\"wp-block-heading\"><strong>Alergias, rinitis y catarro, las consultas que llegan a la guardia del Notti<\/strong><\/h2>\n\n\n\n<p>Esta semana se normalizaron los<strong>\u00a0turnos de las cirug\u00edas\u00a0<\/strong>que no eran urgentes y se est\u00e1 notificando a los padres de los pacientes.<\/p>\n\n\n\n<p>El especialista aconsej\u00f3 a los padres a&nbsp;<strong>realizar la consulta al centro de salud m\u00e1s cercano<\/strong>&nbsp;frente a s\u00edntomas como fiebre y dificultad respiratoria. Adem\u00e1s, realizar la limpieza de los jardines para evitar que circule en el ambiente la pelusa de las plantas, tan com\u00fan en esta \u00e9poca del a\u00f1o.<\/p>\n\n\n\n<p>Este brote se hizo visible en las escuelas, donde hubo una importante\u00a0<strong>merma en la asistencia<\/strong>\u00a0de los alumnos de las escuelas, por la persistencia de los s\u00edntomas como catarro y febr\u00edcula.<\/p>\n\n\n\n<h2 class=\"wp-block-heading\"><strong>Un especialista del hospital Central recomend\u00f3 el uso del barbijo<\/strong><\/h2>\n\n\n\n<p>El Jefe del Servicio de Neumonolog\u00eda del hospital Central,&nbsp;<strong>Enrique Barimboim<\/strong>, recomend\u00f3 a sus pacientes el&nbsp;<strong>uso del barbijo<\/strong>&nbsp;para la prevenci\u00f3n de los cuadros al\u00e9rgicos y respiratorios, teniendo en cuenta la alta contaminaci\u00f3n por la floraci\u00f3n como las part\u00edculas que quedan en el aire por el viento Zonda.<\/p>\n\n\n\n<p>&#8220;Tenemos un&nbsp;<strong>brote de enfermedades respiratorias y cuadros de alergia<\/strong>. Hay muchas consultas en consultorio y han crecido el 20% respecto a meses anteriores&#8221;, grafic\u00f3 el profesional.<\/p>\n\n\n\n<p>Tambi\u00e9n asegur\u00f3 que su recomendaci\u00f3n es tratar de<strong>&nbsp;evitar ambientes contaminados por floraci\u00f3n o poluci\u00f3n ambiental<\/strong>, pero si no lo pueden hacer afirm\u00f3 que usar el&nbsp;<strong>barbijo&nbsp;<\/strong>es una buena opci\u00f3n.<\/p>\n\n\n\n<p>En el transporte p\u00fablico y en algunos centros asistenciales se puede ver que hay una vuelta del&nbsp;<strong>barbijo<\/strong>, como una forma de aminorar la consecuencia de las afectaciones respiratorias y las alergias.<\/p>\n\n\n\n<p>Hasta mediados de octubre se<strong>\u00a0estima que seguir\u00e1 este brote de enfermedades<\/strong>\u00a0respiratorias, por lo menos hasta que llueva y la humedad mejore las condiciones ambientales.<\/p>\n\n\n\n<p><strong>Fuente: www.diariouno.com.ar<\/strong><\/p>\n","protected":false},"excerpt":{"rendered":"<p>La guardia del\u00a0hospital Notti\u00a0y el \u00e1rea de internaci\u00f3n estuvieron saturadas la semana pasada por un pico de consultas por alergias y\u00a0enfermedades respiratorias\u00a0de tipo viral, por lo que hubo que reprogramar algunas cirug\u00edas para esta semana, al darse el fen\u00f3meno de &#8220;camas calientes&#8221;, es decir que apenas se desocupaban se asignaron a otro paciente. El jefe [&hellip;]<\/p>\n","protected":false},"author":2,"featured_media":9248,"comment_status":"open","ping_status":"open","sticky":false,"template":"","format":"standard","meta":[],"categories":[58],"tags":[],"_links":{"self":[{"href":"https:\/\/pasaenmendoza.com\/index.php?rest_route=\/wp\/v2\/posts\/9247"}],"collection":[{"href":"https:\/\/pasaenmendoza.com\/index.php?rest_route=\/wp\/v2\/posts"}],"about":[{"href":"https:\/\/pasaenmendoza.com\/index.php?rest_route=\/wp\/v2\/types\/post"}],"author":[{"embeddable":true,"href":"https:\/\/pasaenmendoza.com\/index.php?rest_route=\/wp\/v2\/users\/2"}],"replies":[{"embeddable":true,"href":"https:\/\/pasaenmendoza.com\/index.php?rest_route=%2Fwp%2Fv2%2Fcomments&post=9247"}],"version-history":[{"count":1,"href":"https:\/\/pasaenmendoza.com\/index.php?rest_route=\/wp\/v2\/posts\/9247\/revisions"}],"predecessor-version":[{"id":9249,"href":"https:\/\/pasaenmendoza.com\/index.php?rest_route=\/wp\/v2\/posts\/9247\/revisions\/9249"}],"wp:featuredmedia":[{"embeddable":true,"href":"https:\/\/pasaenmendoza.com\/index.php?rest_route=\/wp\/v2\/media\/9248"}],"wp:attachment":[{"href":"https:\/\/pasaenmendoza.com\/index.php?rest_route=%2Fwp%2Fv2%2Fmedia&parent=9247"}],"wp:term":[{"taxonomy":"category","embeddable":true,"href":"https:\/\/pasaenmendoza.com\/index.php?rest_route=%2Fwp%2Fv2%2Fcategories&post=9247"},{"taxonomy":"post_tag","embeddable":true,"href":"https:\/\/pasaenmendoza.com\/index.php?rest_route=%2Fwp%2Fv2%2Ftags&post=9247"}],"curies":[{"name":"wp","href":"https:\/\/api.w.org\/{rel}","templated":true}]}}