{"id":925,"date":"2023-08-24T15:57:49","date_gmt":"2023-08-24T13:57:49","guid":{"rendered":"https:\/\/pasaenmendoza.com\/?p=925"},"modified":"2023-08-24T15:57:49","modified_gmt":"2023-08-24T13:57:49","slug":"todo-el-centro-sin-agua-por-el-cano-roto-en-avenida-san-martin","status":"publish","type":"post","link":"https:\/\/pasaenmendoza.com\/?p=925","title":{"rendered":"Todo el Centro sin agua por el ca\u00f1o roto en avenida San Mart\u00edn"},"content":{"rendered":"\n<p>La\u00a0<strong>rotura del ca\u00f1o<\/strong>\u00a0madre ubicado en\u00a0<strong>Avenida San Mart\u00edn y Buenos Aires<\/strong>\u00a0ya se encuentra en v\u00edas de reparaci\u00f3n.<\/p>\n\n\n\n<p>La empresa\u00a0<strong>Aysam<\/strong>\u00a0comunic\u00f3 que sus operarios ya trabajan en el \u00e1rea. Hay un corte parcial de tr\u00e1nsito para poder realizar las maniobras en el lugar.<\/p>\n\n\n\n<p>Desde la entidad se emiti\u00f3 un comunicado especificando cu\u00e1les ser\u00edan las zonas afectadas por las obras de reparaci\u00f3n. Se trata de un corte imprevisto por la reparaci\u00f3n del acueducto en Av. San Mart\u00edn y Buenos Aires que el\u00a0<strong><em>Post<\/em><\/strong>\u00a0public\u00f3 en horas de la ma\u00f1ana.<\/p>\n\n\n\n<p>Seg\u00fan comunicaron desde la empresa, quedar\u00e1 afectado casi todo el centro.<\/p>\n\n\n\n<p>Desde la zona comprendida por\u00a0<strong>Avenida Belgrano hasta la Costanera y desde Vicente Zapata a Coronel Diaz<\/strong>. Se desconoce cuanto tiempo tomar\u00e1n las obras, por lo que se aconseja ser cautelosos con el uso del agua.<\/p>\n\n\n\n<p><strong>Fuente: www.mendozapost.com<\/strong><\/p>\n","protected":false},"excerpt":{"rendered":"<p>La\u00a0rotura del ca\u00f1o\u00a0madre ubicado en\u00a0Avenida San Mart\u00edn y Buenos Aires\u00a0ya se encuentra en v\u00edas de reparaci\u00f3n. La empresa\u00a0Aysam\u00a0comunic\u00f3 que sus operarios ya trabajan en el \u00e1rea. Hay un corte parcial de tr\u00e1nsito para poder realizar las maniobras en el lugar. Desde la entidad se emiti\u00f3 un comunicado especificando cu\u00e1les ser\u00edan las zonas afectadas por las [&hellip;]<\/p>\n","protected":false},"author":2,"featured_media":926,"comment_status":"open","ping_status":"open","sticky":false,"template":"","format":"standard","meta":[],"categories":[50],"tags":[],"_links":{"self":[{"href":"https:\/\/pasaenmendoza.com\/index.php?rest_route=\/wp\/v2\/posts\/925"}],"collection":[{"href":"https:\/\/pasaenmendoza.com\/index.php?rest_route=\/wp\/v2\/posts"}],"about":[{"href":"https:\/\/pasaenmendoza.com\/index.php?rest_route=\/wp\/v2\/types\/post"}],"author":[{"embeddable":true,"href":"https:\/\/pasaenmendoza.com\/index.php?rest_route=\/wp\/v2\/users\/2"}],"replies":[{"embeddable":true,"href":"https:\/\/pasaenmendoza.com\/index.php?rest_route=%2Fwp%2Fv2%2Fcomments&post=925"}],"version-history":[{"count":1,"href":"https:\/\/pasaenmendoza.com\/index.php?rest_route=\/wp\/v2\/posts\/925\/revisions"}],"predecessor-version":[{"id":927,"href":"https:\/\/pasaenmendoza.com\/index.php?rest_route=\/wp\/v2\/posts\/925\/revisions\/927"}],"wp:featuredmedia":[{"embeddable":true,"href":"https:\/\/pasaenmendoza.com\/index.php?rest_route=\/wp\/v2\/media\/926"}],"wp:attachment":[{"href":"https:\/\/pasaenmendoza.com\/index.php?rest_route=%2Fwp%2Fv2%2Fmedia&parent=925"}],"wp:term":[{"taxonomy":"category","embeddable":true,"href":"https:\/\/pasaenmendoza.com\/index.php?rest_route=%2Fwp%2Fv2%2Fcategories&post=925"},{"taxonomy":"post_tag","embeddable":true,"href":"https:\/\/pasaenmendoza.com\/index.php?rest_route=%2Fwp%2Fv2%2Ftags&post=925"}],"curies":[{"name":"wp","href":"https:\/\/api.w.org\/{rel}","templated":true}]}}