{"id":9253,"date":"2024-09-19T22:34:32","date_gmt":"2024-09-19T20:34:32","guid":{"rendered":"https:\/\/pasaenmendoza.com\/?p=9253"},"modified":"2024-09-19T22:35:49","modified_gmt":"2024-09-19T20:35:49","slug":"la-justicia-cito-a-janina-ortiz-para-imputarla-por-la-sustraccion-de35-millones-de-las-heras","status":"publish","type":"post","link":"https:\/\/pasaenmendoza.com\/?p=9253","title":{"rendered":"La Justicia cit\u00f3 a Janina Ortiz para imputarla por la sustracci\u00f3n de $35 millones de Las Heras"},"content":{"rendered":"\n<p>La Unidad Fiscal de Delitos Econ\u00f3micos cit\u00f3 a&nbsp;<strong>Janina Ortiz<\/strong>&nbsp;para imputarle el delito penal de peculado por $35 millones de la comuna de Las Heras que fueron entregados a una cooperativa de trabajo fantasma.<\/p>\n\n\n\n<p>La ex secretaria de Gobierno de la Municipalidad de Las Heras y suspendida diputada provincial demarchista deber\u00e1 presentarse este viernes a las 10 en el Polo Judicial.<\/p>\n\n\n\n<p>El fiscal Juan Ticheli le comunicar\u00e1 a&nbsp;<strong>Janina Ortiz<\/strong>&nbsp;que ha sido formalmente imputada por la sustracci\u00f3n del dinero que ella misma deb\u00eda administrar en su \u00e9poca de funcionaria de la gesti\u00f3n del esposo, Daniel Orozco.<\/p>\n\n\n\n<h2 class=\"wp-block-heading\">El segundo proceso penal a Janina Ortiz<\/h2>\n\n\n\n<p>Ser\u00e1 la segunda investigaci\u00f3n criminal que tiene a Janina Ortiz como sospechosa con fuerte protagonismo: hace dos meses la Unidad Fiscal de Delitos No Especializados le imput\u00f3 el delito de coacciones agravadas en perjuicio de una empleada municipal.<\/p>\n\n\n\n<p>Tras las imputaciones, los abogados de Janina Ortiz y de los dem\u00e1s implicados -el ex intendente Daniel Orozco, el ex funcionario Osvaldo Oyhenart, funcionarios t\u00e9cnicos de Las Heras y particulares- pueden acceder al contenido de los expedientes para saber de qu\u00e9 se los acusa y armar una estrategia defensiva en consecuencia.<\/p>\n\n\n\n<p>La Suprema Corte de Justicia tuvo un rol clave para despejar el camino procesal que&nbsp;<strong>Janina Ortiz<\/strong>&nbsp;gambete\u00f3 todo lo que pudo en ambos casos. Hasta que fracas\u00f3.<\/p>\n\n\n\n<p>En el expediente por el delito de peculado por $35 millones de Las Heras, el m\u00e1ximo tribunal de Justicia de Mendoza rechaz\u00f3 planteos de los abogados de Ortiz&nbsp;<strong>que cuestionaron la legitimidad procesal de la pesquisa en su contra, que llev\u00f3 adelante la Unidad Fiscal de Delitos Econ\u00f3micos.<\/strong><\/p>\n\n\n\n<p><strong>Fuente: www.diariouno.com.ar<\/strong><\/p>\n","protected":false},"excerpt":{"rendered":"<p>La Unidad Fiscal de Delitos Econ\u00f3micos cit\u00f3 a&nbsp;Janina Ortiz&nbsp;para imputarle el delito penal de peculado por $35 millones de la comuna de Las Heras que fueron entregados a una cooperativa de trabajo fantasma. La ex secretaria de Gobierno de la Municipalidad de Las Heras y suspendida diputada provincial demarchista deber\u00e1 presentarse este viernes a las [&hellip;]<\/p>\n","protected":false},"author":2,"featured_media":9254,"comment_status":"open","ping_status":"open","sticky":false,"template":"","format":"standard","meta":[],"categories":[60],"tags":[],"_links":{"self":[{"href":"https:\/\/pasaenmendoza.com\/index.php?rest_route=\/wp\/v2\/posts\/9253"}],"collection":[{"href":"https:\/\/pasaenmendoza.com\/index.php?rest_route=\/wp\/v2\/posts"}],"about":[{"href":"https:\/\/pasaenmendoza.com\/index.php?rest_route=\/wp\/v2\/types\/post"}],"author":[{"embeddable":true,"href":"https:\/\/pasaenmendoza.com\/index.php?rest_route=\/wp\/v2\/users\/2"}],"replies":[{"embeddable":true,"href":"https:\/\/pasaenmendoza.com\/index.php?rest_route=%2Fwp%2Fv2%2Fcomments&post=9253"}],"version-history":[{"count":2,"href":"https:\/\/pasaenmendoza.com\/index.php?rest_route=\/wp\/v2\/posts\/9253\/revisions"}],"predecessor-version":[{"id":9256,"href":"https:\/\/pasaenmendoza.com\/index.php?rest_route=\/wp\/v2\/posts\/9253\/revisions\/9256"}],"wp:featuredmedia":[{"embeddable":true,"href":"https:\/\/pasaenmendoza.com\/index.php?rest_route=\/wp\/v2\/media\/9254"}],"wp:attachment":[{"href":"https:\/\/pasaenmendoza.com\/index.php?rest_route=%2Fwp%2Fv2%2Fmedia&parent=9253"}],"wp:term":[{"taxonomy":"category","embeddable":true,"href":"https:\/\/pasaenmendoza.com\/index.php?rest_route=%2Fwp%2Fv2%2Fcategories&post=9253"},{"taxonomy":"post_tag","embeddable":true,"href":"https:\/\/pasaenmendoza.com\/index.php?rest_route=%2Fwp%2Fv2%2Ftags&post=9253"}],"curies":[{"name":"wp","href":"https:\/\/api.w.org\/{rel}","templated":true}]}}