{"id":9264,"date":"2024-09-19T23:17:38","date_gmt":"2024-09-19T21:17:38","guid":{"rendered":"https:\/\/pasaenmendoza.com\/?p=9264"},"modified":"2024-09-19T23:17:40","modified_gmt":"2024-09-19T21:17:40","slug":"por-la-crisis-merenderos-de-mendoza-funcionan-a-medias-y-bajo-amenaza-de-cierre","status":"publish","type":"post","link":"https:\/\/pasaenmendoza.com\/?p=9264","title":{"rendered":"Por la crisis, merenderos de Mendoza funcionan a medias y bajo amenaza de cierre"},"content":{"rendered":"\n<p>Seg\u00fan datos de la Direcci\u00f3n de Estad\u00edsticas e Investigaciones Econ\u00f3micas del Gobierno de Mendoza (DEIE),\u00a0una familia ya necesita casi un mill\u00f3n de pesos para no ser pobre. Adem\u00e1s, el \u00faltimo relevamiento del Instituto Nacional de Estad\u00edsticas y Censos (Indec), mostr\u00f3 que el<strong>\u00a047% de las personas son pobres en el Gran Mendoza<\/strong>, cifra cercana al medio mill\u00f3n de individuos; mientras que la indigencia afecta a 146.227 ciudadanos.<\/p>\n\n\n\n<p>Pero las cifras y porcentajes son indiferentes para cientos de familias que, diariamente, apelan a los comedores para tener su plato de comida. Es as\u00ed que desde estos espacios reconocen estar constantemente al borde del cierre,\u00a0<strong>al recibir\u00a0cada vez m\u00e1s pedidos de asistencia\u00a0y no lograr contar con los recursos necesarios para ayudar a quienes menos tienen.<\/strong><\/p>\n\n\n\n<p><strong>Horneritos<\/strong>\u00a0y\u00a0<strong>Ni\u00f1os de Dios<\/strong>, son dos merenderos que est\u00e1n ubicados en El Algarrobal, Las Heras, y que luchan por mantener su labor a pesar de la crisis. Sin embargo, es la cuarta semana consecutiva que Ni\u00f1os de Dios no puede abrir sus puertas por no tener alimentos, mientras que Horneritos tampoco pudo prender los fuegos estos d\u00edas.<\/p>\n\n\n\n<p>Buscando colaborar con las&nbsp;<strong>m\u00e1s de dos mil personas&nbsp;<\/strong>que se acercan, referentes de los comedores hacen un llamado de solidaridad a la comunidad mendocina.<\/p>\n\n\n\n<p>\u201c<em>Lamentablemente hoy Horneritos est\u00e1 en una situaci\u00f3n muy complicada. Esta semana no pudimos prender los fuegos, llenar las ollas. Es triste porque\u00a0<strong>cada semana estamos d\u00e1ndole de comer a m\u00e1s de dos mil personas y se hace dif\u00edcil decir que no<\/strong><\/em>&#8220;, expres\u00f3\u00a0<strong>Gabriela Carmona<\/strong>, titular del espacio.<\/p>\n\n\n\n<p>As\u00ed, la mujer que abre el merendero dos veces por semana, martes y jueves, y donde se forman largas filas de gente esperando recibir comida, entregar\u00e1 este mi\u00e9rcoles la poca mercader\u00eda que tienen disponible.<\/p>\n\n\n\n<p>\u201c<em>Ya que no tenemos la posibilidad de cocinarles nosotros, vamos a dar un poquito de lo disponible a cada uno para que ninguno se vaya sin nada<\/em>\u201c, agreg\u00f3, explicando que para salir adelante necesitan&nbsp;<strong>verduras, carnes y alimentos no perecederos<\/strong>.<\/p>\n\n\n\n<h2 class=\"wp-block-heading\" id=\"h-agonia-sin-fecha-limite\">\u201cAgon\u00eda\u201d sin fecha l\u00edmite<\/h2>\n\n\n\n<p><strong>Juan Villegas<\/strong>, referente de Ni\u00f1os de Dios, asegura que est\u00e1 haciendo todo lo que est\u00e9 a su alcance para que el merendero siga ayudando a las 180 familias que tocan su puerta. Si bien el sitio ubicado en El Algarrobal suele ofrecer merienda los martes y almuerzo los viernes, hace cuatro semanas que no puede hacerlo.<\/p>\n\n\n\n<p>\u201c<em><strong>Es una semana m\u00e1s de agon\u00eda y sufrimiento.<\/strong>\u00a0Estamos en un momento en el que se hace dif\u00edcil poder llenar las ollas con alimentos para poder entregar a las familias. Lamentablemente, despu\u00e9s de ocho a\u00f1os de actividad, trabajando y ayudando a otras familias,\u00a0<strong>atravesamos un momento que nunca antes hemos pasado<\/strong><\/em>\u201c, dijo el hombre.<\/p>\n\n\n\n<p>Y agreg\u00f3: \u201c<strong>Si seguimos as\u00ed tendremos que tomar la triste y dura decisi\u00f3n de cerrar las puertas.&nbsp;<\/strong>No tenemos ni harina para hacer tortitas ni pan casero\u201d.<\/p>\n\n\n\n<p>Adem\u00e1s, Juan coment\u00f3 que han solicitado ayuda del Estado en numerosas oportunidades, pero asegur\u00f3 que no han recibido respuesta.<\/p>\n\n\n\n<p>Las personas interesadas en&nbsp;<strong>colaborar<\/strong>&nbsp;con los merenderos pueden hacerlo de la siguiente forma:<\/p>\n\n\n\n<ul>\n<li>Horneritos:&nbsp;<strong>261313678<\/strong>&nbsp;(Gabriela Carmona). O a trav\u00e9s del alias&nbsp;<strong>Juntos.Horneritos<\/strong>.<\/li>\n\n\n\n<li>Ni\u00f1os de Dios:<strong>\u00a02615966938<\/strong>\u00a0(Juan Villegas). O al alias<strong>\u00a0comedor.dedios.mp<\/strong>.<\/li>\n<\/ul>\n\n\n\n<p><strong>Fuente: www.elsol.com.ar<\/strong><\/p>\n","protected":false},"excerpt":{"rendered":"<p>Seg\u00fan datos de la Direcci\u00f3n de Estad\u00edsticas e Investigaciones Econ\u00f3micas del Gobierno de Mendoza (DEIE),\u00a0una familia ya necesita casi un mill\u00f3n de pesos para no ser pobre. Adem\u00e1s, el \u00faltimo relevamiento del Instituto Nacional de Estad\u00edsticas y Censos (Indec), mostr\u00f3 que el\u00a047% de las personas son pobres en el Gran Mendoza, cifra cercana al medio [&hellip;]<\/p>\n","protected":false},"author":2,"featured_media":9265,"comment_status":"open","ping_status":"open","sticky":false,"template":"","format":"standard","meta":[],"categories":[50],"tags":[],"_links":{"self":[{"href":"https:\/\/pasaenmendoza.com\/index.php?rest_route=\/wp\/v2\/posts\/9264"}],"collection":[{"href":"https:\/\/pasaenmendoza.com\/index.php?rest_route=\/wp\/v2\/posts"}],"about":[{"href":"https:\/\/pasaenmendoza.com\/index.php?rest_route=\/wp\/v2\/types\/post"}],"author":[{"embeddable":true,"href":"https:\/\/pasaenmendoza.com\/index.php?rest_route=\/wp\/v2\/users\/2"}],"replies":[{"embeddable":true,"href":"https:\/\/pasaenmendoza.com\/index.php?rest_route=%2Fwp%2Fv2%2Fcomments&post=9264"}],"version-history":[{"count":1,"href":"https:\/\/pasaenmendoza.com\/index.php?rest_route=\/wp\/v2\/posts\/9264\/revisions"}],"predecessor-version":[{"id":9266,"href":"https:\/\/pasaenmendoza.com\/index.php?rest_route=\/wp\/v2\/posts\/9264\/revisions\/9266"}],"wp:featuredmedia":[{"embeddable":true,"href":"https:\/\/pasaenmendoza.com\/index.php?rest_route=\/wp\/v2\/media\/9265"}],"wp:attachment":[{"href":"https:\/\/pasaenmendoza.com\/index.php?rest_route=%2Fwp%2Fv2%2Fmedia&parent=9264"}],"wp:term":[{"taxonomy":"category","embeddable":true,"href":"https:\/\/pasaenmendoza.com\/index.php?rest_route=%2Fwp%2Fv2%2Fcategories&post=9264"},{"taxonomy":"post_tag","embeddable":true,"href":"https:\/\/pasaenmendoza.com\/index.php?rest_route=%2Fwp%2Fv2%2Ftags&post=9264"}],"curies":[{"name":"wp","href":"https:\/\/api.w.org\/{rel}","templated":true}]}}