{"id":9269,"date":"2024-09-20T23:19:49","date_gmt":"2024-09-20T21:19:49","guid":{"rendered":"https:\/\/pasaenmendoza.com\/?p=9269"},"modified":"2024-09-20T23:19:50","modified_gmt":"2024-09-20T21:19:50","slug":"unos-23-000-chilenos-llegaron-a-mendoza-pero-la-cifra-no-se-reflejo-en-la-ocupacion-hotelera","status":"publish","type":"post","link":"https:\/\/pasaenmendoza.com\/?p=9269","title":{"rendered":"Unos 23.000 chilenos llegaron a Mendoza pero la cifra no se reflej\u00f3 en la ocupaci\u00f3n hotelera"},"content":{"rendered":"\n<p>Un aluvi\u00f3n de\u00a0<strong>turistas chilenos<\/strong>\u00a0lleg\u00f3 a Mendoza entre el 17, 18 y 19 de septiembre, con motivo de los festejos por la Independencia en su pa\u00eds y el dato super\u00f3 las expectativas: unos 23.000 turistas trasandinos cruzaron la cordillera atra\u00eddos por la gastronom\u00eda y los paisajes de Mendoza.<\/p>\n\n\n\n<p>A pesar de que ya no es conveniente el peso argentino, como lo fue el a\u00f1o pasado en el que hasta en los d\u00edas de semana viajaban a realizar compras, el chileno destaca los paisajes de monta\u00f1a, la tranquiliad y las parrilladas concentradas en la Ciudad de Mendoza.<\/p>\n\n\n\n<p>Otro fuerte atractivo es el cronograma de actividades en la Plaza Chile, que este jueves se suspendieron por el Zonda pero este viernes vuelven a la normalidad con la exhibici\u00f3n de platos t\u00edpicos y tragos regionales.<\/p>\n\n\n\n<p>El c\u00f3nsul de Chile en Mendoza, David Quiroga confirm\u00f3 que 23.000 turistas chilenos llegaron a Mendoza por las festividades y super\u00f3 ampliamente las expectativas.<\/p>\n\n\n\n<p>Entre las atracciones, sus compatriotas disfrutaron de Cacheuta, Potrerillos y la buena gastronom\u00eda.<\/p>\n\n\n\n<h2 class=\"wp-block-heading\"><strong>El aluvi\u00f3n chilenos no se traslad\u00f3 a la ocupaci\u00f3n hotelera, pero movi\u00f3 el sector<\/strong><\/h2>\n\n\n\n<p>El presidente de la C\u00e1mara de la C\u00e1mara de Turismo,\u00a0<strong>Ricardo Beccacesi\u00a0<\/strong>explic\u00f3 que es notoria la presencia de chilenos en Mendoza pero no todos se alojan en hoteles, muchos eligen las alternativas de alojarse en casas y departamentos que se contratan por plataformas de internet como Booking y Airbnb, que mueven un gran flujo de visitantes, como ocurre en todos los destinos tur\u00edsticos del mundo.<\/p>\n\n\n\n<p>&#8220;Los \u00faltimos relevamientos arrojan que la ocupaci\u00f3n hotelera se ubica en el 60%, mientras que hay otros puntos de Mendoza en los que encontramos el 70%. Es muy variable y no podemos hablar de un promedio de la provincia. Aunque esto es muy positivo y mejora la actividad, como el trabajo para el sector&#8221;, evalu\u00f3 el empresario.<\/p>\n\n\n\n<p>Se aguarda que los n\u00fameros se consoliden en el 75%, pero descuentan que no ser\u00e1 como a\u00f1os anteriores con el 80% o mayores porcentajes.<\/p>\n\n\n\n<p>Desde el Ente de Turismo de Mendoza coincidieron que los n\u00fameros son favorables pero el informe se publicar\u00e1 este viernes.<\/p>\n\n\n\n<h2 class=\"wp-block-heading\"><strong>Fiesta de la Hermandad en la Plaza Chile<\/strong><\/h2>\n\n\n\n<p>Desde este lunes los festejos se concentaron en la Plaza Chile y los espect\u00e1culos comenzaron desde el martes, con una variada presencia de puestos de comida y de bebida. Por el Zonda este jueves se suspendi\u00f3 la actividad pero retornar\u00e1 el viernes.<\/p>\n\n\n\n<p>La<strong>&nbsp;Fiesta de la Hermandad 2024&nbsp;<\/strong>es la celebraci\u00f3n m\u00e1s grande de la comunidad chilena en el exterior, su&nbsp;<strong>entrada es libre y gratuita<\/strong>, se desarrolla durante todo el d\u00eda&nbsp;<strong>a partir de las 11 y hasta la madrugada&nbsp;<\/strong>y los espect\u00e1culos desde las 20.<\/p>\n\n\n\n<ul>\n<li>18 al 21 de septiembre, de las 11 hasta la madrugada \u201c<strong>Fiesta de la Hermandad\u201d<\/strong>.<\/li>\n<\/ul>\n\n\n\n<p><strong>Fuente: www.diariouno.com.ar<\/strong><\/p>\n","protected":false},"excerpt":{"rendered":"<p>Un aluvi\u00f3n de\u00a0turistas chilenos\u00a0lleg\u00f3 a Mendoza entre el 17, 18 y 19 de septiembre, con motivo de los festejos por la Independencia en su pa\u00eds y el dato super\u00f3 las expectativas: unos 23.000 turistas trasandinos cruzaron la cordillera atra\u00eddos por la gastronom\u00eda y los paisajes de Mendoza. A pesar de que ya no es conveniente [&hellip;]<\/p>\n","protected":false},"author":2,"featured_media":9270,"comment_status":"open","ping_status":"open","sticky":false,"template":"","format":"standard","meta":[],"categories":[64],"tags":[],"_links":{"self":[{"href":"https:\/\/pasaenmendoza.com\/index.php?rest_route=\/wp\/v2\/posts\/9269"}],"collection":[{"href":"https:\/\/pasaenmendoza.com\/index.php?rest_route=\/wp\/v2\/posts"}],"about":[{"href":"https:\/\/pasaenmendoza.com\/index.php?rest_route=\/wp\/v2\/types\/post"}],"author":[{"embeddable":true,"href":"https:\/\/pasaenmendoza.com\/index.php?rest_route=\/wp\/v2\/users\/2"}],"replies":[{"embeddable":true,"href":"https:\/\/pasaenmendoza.com\/index.php?rest_route=%2Fwp%2Fv2%2Fcomments&post=9269"}],"version-history":[{"count":1,"href":"https:\/\/pasaenmendoza.com\/index.php?rest_route=\/wp\/v2\/posts\/9269\/revisions"}],"predecessor-version":[{"id":9271,"href":"https:\/\/pasaenmendoza.com\/index.php?rest_route=\/wp\/v2\/posts\/9269\/revisions\/9271"}],"wp:featuredmedia":[{"embeddable":true,"href":"https:\/\/pasaenmendoza.com\/index.php?rest_route=\/wp\/v2\/media\/9270"}],"wp:attachment":[{"href":"https:\/\/pasaenmendoza.com\/index.php?rest_route=%2Fwp%2Fv2%2Fmedia&parent=9269"}],"wp:term":[{"taxonomy":"category","embeddable":true,"href":"https:\/\/pasaenmendoza.com\/index.php?rest_route=%2Fwp%2Fv2%2Fcategories&post=9269"},{"taxonomy":"post_tag","embeddable":true,"href":"https:\/\/pasaenmendoza.com\/index.php?rest_route=%2Fwp%2Fv2%2Ftags&post=9269"}],"curies":[{"name":"wp","href":"https:\/\/api.w.org\/{rel}","templated":true}]}}