{"id":9272,"date":"2024-09-20T23:23:44","date_gmt":"2024-09-20T21:23:44","guid":{"rendered":"https:\/\/pasaenmendoza.com\/?p=9272"},"modified":"2024-09-20T23:24:50","modified_gmt":"2024-09-20T21:24:50","slug":"choferes-del-grupo-400-sufrieron-ataques-a-piedrazos-y-evaluan-rutas-alternativas-para-evitar-conflictos","status":"publish","type":"post","link":"https:\/\/pasaenmendoza.com\/?p=9272","title":{"rendered":"Choferes del grupo 400 sufrieron ataques a piedrazos y eval\u00faan rutas alternativas para evitar conflictos"},"content":{"rendered":"\n<p><strong>Choferes de colectivo<\/strong>&nbsp;advirtieron que si contin\u00faan los ataques a<strong>&nbsp;piedrazos<\/strong>&nbsp;no podr\u00e1n seguir realizando ciertos recorridos por barrios del Gran Mendoza. La gota que colm\u00f3 el vaso lleg\u00f3 este jueves, luego de que en un lapso de 6 horas se concretara una serie de agresiones que dejaron vidrios rotos y mucha preocupaci\u00f3n.<\/p>\n\n\n\n<p><strong>Mario Oviedo<\/strong>, responsable de tr\u00e1fico del&nbsp;<strong>Grupo 400<\/strong>, asegur\u00f3 que en esa l\u00ednea no son los \u00fanicos que padecen hechos como los que tuvieron lugar en la llamada&nbsp;<strong>&#8220;Triple Frontera&#8221;<\/strong>&nbsp;que marca el l\u00edmite entre&nbsp;<strong>Godoy Cruz, Luj\u00e1n y Maip\u00fa<\/strong>. Otro tanto -dijo- ocurre con los colegas de los grupos 600 y 700, que afrontan situaciones similares.<\/p>\n\n\n\n<p>&#8220;Normalmente en ese sector sufrimos situaciones, pero ayer<strong>\u00a0llegamos al l\u00edmite<\/strong>. Solicitamos colaboraci\u00f3n del Ministerio de Seguridad porque a partir de las 4 o las 5 de la tarde empez\u00f3 una serie de ataques que provoc\u00f3\u00a0<strong>rotura de cristales tanto de ventanillas como de lunetas<\/strong>&#8220;.<\/p>\n\n\n\n<p>Seg\u00fan relat\u00f3 el entrevistado, estos ataques &#8220;no s\u00f3lo ponen el riesgo al chofer, sino tambi\u00e9n a los&nbsp;<strong>pasajeros<\/strong>&#8220;; y record\u00f3 que en otras ocasiones hay gente que se ha clavado&nbsp;<strong>esquirlas&nbsp;<\/strong>de los vidrios rotos.<\/p>\n\n\n\n<p>En las fotos se ve el&nbsp;<strong>tama\u00f1o de las piedras<\/strong>&nbsp;que les tiran los desconocidos:<\/p>\n\n\n\n<p>El foco del conflicto, seg\u00fan asever\u00f3 Oviedo, est\u00e1 en las inmediaciones del<strong>&nbsp;Barrio Los Alerces<\/strong>, donde a veces tambi\u00e9n aparecen&nbsp;<strong>menores que se cuelgan de las unidades&nbsp;<\/strong>con gran riesgo para sus vidas.<\/p>\n\n\n\n<p>&#8220;Los de ayer no sabemos si eran menores; pero los que se cuelgan son a veces&nbsp;<strong>chicos que rondan los 10 a\u00f1os<\/strong>&#8220;, lament\u00f3.<\/p>\n\n\n\n<p>Finalmente, Oviedo expres\u00f3 que por la naturaleza del recorrido&nbsp;<strong>no es sencillo detenerse a la mitad<\/strong>.<\/p>\n\n\n\n<p>&#8220;Uno no puede frenar y decirles a los pasajeros &#8216;hasta ac\u00e1 llegamos&#8217;. La vuelta es larga y, por otra parte, son barrios complicados para que la gente contin\u00fae caminando y tenga que hacer 10 o 12 cuadras&#8221;, explic\u00f3, antes de recalcar que una de las opciones que se est\u00e1 barajando es<strong>&nbsp;dejar de pasar por esa zona<\/strong>.<\/p>\n\n\n\n<p><strong>Fuente: www.diariouno.com.ar<\/strong><\/p>\n","protected":false},"excerpt":{"rendered":"<p>Choferes de colectivo&nbsp;advirtieron que si contin\u00faan los ataques a&nbsp;piedrazos&nbsp;no podr\u00e1n seguir realizando ciertos recorridos por barrios del Gran Mendoza. La gota que colm\u00f3 el vaso lleg\u00f3 este jueves, luego de que en un lapso de 6 horas se concretara una serie de agresiones que dejaron vidrios rotos y mucha preocupaci\u00f3n. Mario Oviedo, responsable de tr\u00e1fico [&hellip;]<\/p>\n","protected":false},"author":2,"featured_media":9273,"comment_status":"open","ping_status":"open","sticky":false,"template":"","format":"standard","meta":[],"categories":[50],"tags":[],"_links":{"self":[{"href":"https:\/\/pasaenmendoza.com\/index.php?rest_route=\/wp\/v2\/posts\/9272"}],"collection":[{"href":"https:\/\/pasaenmendoza.com\/index.php?rest_route=\/wp\/v2\/posts"}],"about":[{"href":"https:\/\/pasaenmendoza.com\/index.php?rest_route=\/wp\/v2\/types\/post"}],"author":[{"embeddable":true,"href":"https:\/\/pasaenmendoza.com\/index.php?rest_route=\/wp\/v2\/users\/2"}],"replies":[{"embeddable":true,"href":"https:\/\/pasaenmendoza.com\/index.php?rest_route=%2Fwp%2Fv2%2Fcomments&post=9272"}],"version-history":[{"count":2,"href":"https:\/\/pasaenmendoza.com\/index.php?rest_route=\/wp\/v2\/posts\/9272\/revisions"}],"predecessor-version":[{"id":9275,"href":"https:\/\/pasaenmendoza.com\/index.php?rest_route=\/wp\/v2\/posts\/9272\/revisions\/9275"}],"wp:featuredmedia":[{"embeddable":true,"href":"https:\/\/pasaenmendoza.com\/index.php?rest_route=\/wp\/v2\/media\/9273"}],"wp:attachment":[{"href":"https:\/\/pasaenmendoza.com\/index.php?rest_route=%2Fwp%2Fv2%2Fmedia&parent=9272"}],"wp:term":[{"taxonomy":"category","embeddable":true,"href":"https:\/\/pasaenmendoza.com\/index.php?rest_route=%2Fwp%2Fv2%2Fcategories&post=9272"},{"taxonomy":"post_tag","embeddable":true,"href":"https:\/\/pasaenmendoza.com\/index.php?rest_route=%2Fwp%2Fv2%2Ftags&post=9272"}],"curies":[{"name":"wp","href":"https:\/\/api.w.org\/{rel}","templated":true}]}}