{"id":9276,"date":"2024-09-20T23:32:24","date_gmt":"2024-09-20T21:32:24","guid":{"rendered":"https:\/\/pasaenmendoza.com\/?p=9276"},"modified":"2024-09-20T23:32:25","modified_gmt":"2024-09-20T21:32:25","slug":"janina-ortiz-fue-imputada-por-peculado-dijo-que-le-fraguaron-la-firma-digital-y-pidio-ser-sobreseida","status":"publish","type":"post","link":"https:\/\/pasaenmendoza.com\/?p=9276","title":{"rendered":"Janina Ortiz fue imputada por peculado, dijo que le fraguaron la firma digital y pidi\u00f3 ser sobrese\u00edda"},"content":{"rendered":"\n<p>El fiscal Juan Ticheli, de Delitos Econ\u00f3micos, imput\u00f3 este viernes a\u00a0<strong>Janina Ortiz<\/strong>\u00a0por el delito de peculado en perjuicio de la Municipalidad de Las Heras.<\/p>\n\n\n\n<p>Se present\u00f3 en el Polo Judicial y ofreci\u00f3 prestar declaraci\u00f3n indagatoria tras ser notificada formalmente de que est\u00e1 bajo investigaci\u00f3n penal por la sustracci\u00f3n de $35 millones, al igual que el ex intendente y esposo,&nbsp;<strong>Daniel Orozco<\/strong>, y el ex funcionario&nbsp;<strong>Osvaldo Oyhenart<\/strong>.<\/p>\n\n\n\n<p>Lleg\u00f3 acompa\u00f1ada por el abogado penalista\u00a0<strong>Alfredo Paturzo<\/strong>, quien se sum\u00f3 al equipo que ya integraba\u00a0<strong>Elena Quintero<\/strong>\u00a0y que conduce desde Buenos Aires el medi\u00e1tico letrado\u00a0<strong>Fernando Burlando<\/strong>, que tambi\u00e9n asiste a Orozco.<\/p>\n\n\n\n<p>Pasadas las 10.30,<strong>&nbsp;Janina Ortiz<\/strong>&nbsp;comenz\u00f3 a dar su versi\u00f3n de los hechos.<\/p>\n\n\n\n<h2 class=\"wp-block-heading\">Qu\u00e9 dijo Janina Ortiz ante la Justicia<\/h2>\n\n\n\n<p>.<strong>Denunci\u00f3&nbsp;<\/strong>que le fraguaron la firma digital<\/p>\n\n\n\n<p>. Pidi\u00f3 el&nbsp;<strong>sobreseimiento<\/strong>, es decir que sea desvinculada de la causa por peculado<\/p>\n\n\n\n<p><strong>. Cuestion\u00f3\u00a0<\/strong>con dureza el fallo del\u00a0<strong>Tribunal de Cuentas<\/strong>\u00a0que deriv\u00f3 en la investigaci\u00f3n judicial en su contra por el delito de peculado y explic\u00f3 con detalles todos los pasos administrativos que posibilitaron que la comuna de Las Heras destinara $35 millones a la cooperativa de trabajo &#8220;Manos a la obra&#8221;.<\/p>\n\n\n\n<p>.&nbsp;<strong>Neg\u00f3&nbsp;<\/strong>que esa instituci\u00f3n sea &#8220;fantasma&#8221; como la ha considerado el Ministerio P\u00fablico Fiscal y explic\u00f3 c\u00f3mo trabajaba la Municipalidad en esa materia.<\/p>\n\n\n\n<p>. Se\u00f1al\u00f3&nbsp;<strong>contradicciones&nbsp;<\/strong>en la teor\u00eda del caso que la Justicia esgrimi\u00f3 para imputarle el delito de peculado.<\/p>\n\n\n\n<p>Tambi\u00e9n qued\u00f3 disponible para contestar las preguntas del fiscal investigador aunque esa etapa ser\u00eda postergada para la semana entrante.<\/p>\n\n\n\n<p>Este delito de corrupci\u00f3n prev\u00e9 penas de prisi\u00f3n que van desde los 2 a los 10 a\u00f1os.<\/p>\n\n\n\n<p><strong>Janina Ortiz<\/strong>\u00a0fue una pieza clave en la ruta pol\u00edtica y administrativa que entreg\u00f3\u00a0<strong>$35 millones de las arcas de la comuna de Las Heras a la cooperativa de trabajo &#8220;Manos a la obra&#8221;<\/strong>, cuya existencia jam\u00e1s fue comprobada por la Justicia.<\/p>\n\n\n\n<p><strong>Fuente: www.diariouno.com.ar<\/strong><\/p>\n\n\n\n<p><\/p>\n","protected":false},"excerpt":{"rendered":"<p>El fiscal Juan Ticheli, de Delitos Econ\u00f3micos, imput\u00f3 este viernes a\u00a0Janina Ortiz\u00a0por el delito de peculado en perjuicio de la Municipalidad de Las Heras. Se present\u00f3 en el Polo Judicial y ofreci\u00f3 prestar declaraci\u00f3n indagatoria tras ser notificada formalmente de que est\u00e1 bajo investigaci\u00f3n penal por la sustracci\u00f3n de $35 millones, al igual que el [&hellip;]<\/p>\n","protected":false},"author":2,"featured_media":9277,"comment_status":"open","ping_status":"open","sticky":false,"template":"","format":"standard","meta":[],"categories":[60],"tags":[],"_links":{"self":[{"href":"https:\/\/pasaenmendoza.com\/index.php?rest_route=\/wp\/v2\/posts\/9276"}],"collection":[{"href":"https:\/\/pasaenmendoza.com\/index.php?rest_route=\/wp\/v2\/posts"}],"about":[{"href":"https:\/\/pasaenmendoza.com\/index.php?rest_route=\/wp\/v2\/types\/post"}],"author":[{"embeddable":true,"href":"https:\/\/pasaenmendoza.com\/index.php?rest_route=\/wp\/v2\/users\/2"}],"replies":[{"embeddable":true,"href":"https:\/\/pasaenmendoza.com\/index.php?rest_route=%2Fwp%2Fv2%2Fcomments&post=9276"}],"version-history":[{"count":1,"href":"https:\/\/pasaenmendoza.com\/index.php?rest_route=\/wp\/v2\/posts\/9276\/revisions"}],"predecessor-version":[{"id":9278,"href":"https:\/\/pasaenmendoza.com\/index.php?rest_route=\/wp\/v2\/posts\/9276\/revisions\/9278"}],"wp:featuredmedia":[{"embeddable":true,"href":"https:\/\/pasaenmendoza.com\/index.php?rest_route=\/wp\/v2\/media\/9277"}],"wp:attachment":[{"href":"https:\/\/pasaenmendoza.com\/index.php?rest_route=%2Fwp%2Fv2%2Fmedia&parent=9276"}],"wp:term":[{"taxonomy":"category","embeddable":true,"href":"https:\/\/pasaenmendoza.com\/index.php?rest_route=%2Fwp%2Fv2%2Fcategories&post=9276"},{"taxonomy":"post_tag","embeddable":true,"href":"https:\/\/pasaenmendoza.com\/index.php?rest_route=%2Fwp%2Fv2%2Ftags&post=9276"}],"curies":[{"name":"wp","href":"https:\/\/api.w.org\/{rel}","templated":true}]}}