{"id":9279,"date":"2024-09-20T23:37:14","date_gmt":"2024-09-20T21:37:14","guid":{"rendered":"https:\/\/pasaenmendoza.com\/?p=9279"},"modified":"2024-09-20T23:37:15","modified_gmt":"2024-09-20T21:37:15","slug":"cornejo-llamo-a-licitacion-para-renovar-dos-areas-clave-del-hospital-notti","status":"publish","type":"post","link":"https:\/\/pasaenmendoza.com\/?p=9279","title":{"rendered":"Cornejo llam\u00f3 a licitaci\u00f3n para renovar dos \u00e1reas clave del Hospital Notti"},"content":{"rendered":"\n<p>La Subsecretar\u00eda de Infraestructura y Desarrollo Territorial de Mendoza llam\u00f3 a licitaci\u00f3n para refuncionalizar dos sectores del\u00a0<strong>Hospital Pedi\u00e1trico Humberto Notti<\/strong>. El acto administrativo se llevar\u00e1 adelante el<strong>\u00a08 de octubre<\/strong>\u00a0a las 10, en Casa de Gobierno.<\/p>\n\n\n\n<p>Los trabajos ser\u00e1n en el sector 1, donde est\u00e1 el servicio de&nbsp;<strong>cirug\u00eda y recuperaci\u00f3n cardiovascular<\/strong>&nbsp;-con la incorporaci\u00f3n del angi\u00f3grafo-; y en el sector 2, que comprende el&nbsp;<em><strong>buffet<\/strong><\/em>&nbsp;antiguo, el \u00e1rea de&nbsp;<strong>Neurolog\u00eda y Neurocirug\u00eda<\/strong>&nbsp;de la Isla 5 y los&nbsp;<strong>ba\u00f1os<\/strong>&nbsp;p\u00fablicos.<\/p>\n\n\n\n<p>\u00bfY qu\u00e9 es un\u00a0<strong>angi\u00f3grafo<\/strong>? Se trata de un aparato que usa rayos X para analizar los vasos sangu\u00edneos del organismo, de modo que se pueda obtener informaci\u00f3n sobre enfermedades coronarias y cerebrovasculares, entre otras dolencias que presentan los ni\u00f1os que asisten al Notti.<\/p>\n\n\n\n<h2 class=\"wp-block-heading\">En qu\u00e9 consisten los cambios en el Hospital Notti<\/h2>\n\n\n\n<p>Concretamente, se acondicionar\u00e1 el&nbsp;<strong>sector 1<\/strong>&nbsp;para tenerlo sectorizado, con&nbsp;<strong>ingreso independiente<\/strong>&nbsp;el \u00e1rea de cirug\u00eda y hemodinamia. As\u00ed, el \u00e1rea blanca quir\u00fargica contar\u00e1 con&nbsp;<strong>dos quir\u00f3fanos<\/strong>&nbsp;y un comando para el&nbsp;<strong>angi\u00f3grafo<\/strong>. En el \u00e1rea gris habr\u00e1 una&nbsp;<strong>zona de m\u00e9dicos, dep\u00f3sito de insumos y equipos<\/strong>, lavado de pinzas o material. Adem\u00e1s, en el \u00e1rea negra, donde est\u00e1 el ingreso de m\u00e9dicos, habr\u00e1 una&nbsp;<strong>sala de estar de personal<\/strong>, un dep\u00f3sito de insumos, vestuarios de personal y botas.<\/p>\n\n\n\n<p>Por otro lado, el\u00a0<strong>Servicio de Recuperaci\u00f3n Cardiovascular<\/strong>\u00a0tendr\u00e1 un ingreso independiente y contar\u00e1 con una jefatura de enfermer\u00eda, un lavado de material sucio, una sala de m\u00e1quinas para el angi\u00f3grafo, vestuarios y sanitarios.<\/p>\n\n\n\n<p>Tambi\u00e9n habr\u00e1 una oficina de trabajo m\u00e9dico,\u00a0<strong>dormitorio de m\u00e9dicos de guardia<\/strong>\u00a0con sanitario, un sanitario de discapacitados, con lavado para beb\u00e9s, un \u00e1rea de recuperaci\u00f3n cardiovascular de\u00a0<strong>seis camas de cuidados intensivos, dos de cuidados intermedios y una de aislados<\/strong>, con enfermer\u00eda central y un dep\u00f3sito de equipos.<\/p>\n\n\n\n<p>En el caso del\u00a0<strong>sector 2<\/strong>, la obra comprende la\u00a0<strong>refuncionalizaci\u00f3n del antiguo\u00a0<em>buffet<\/em><\/strong>, la zona de neurolog\u00eda y neurocirug\u00eda de la Isla 5 y los<strong>\u00a0ba\u00f1os p\u00fablicos<\/strong>\u00a0del centro asistencial.<\/p>\n\n\n\n<p>Este sector se acondicionar\u00e1 para albergar la&nbsp;<strong>nueva Isla 6 de consultorios<\/strong>, que contar\u00e1 con cinco consultorios de atenci\u00f3n al p\u00fablico, recepci\u00f3n, sala de espera, ba\u00f1os para el personal, jefatura y enfermer\u00eda. En la isla<strong>&nbsp;se reacondicionar\u00e1 el sector de Neurocirug\u00eda y Neurolog\u00eda<\/strong>, se construir\u00e1 un nuevo ingreso, un consultorio y una sala de reuniones de m\u00e9dicos, y en los ba\u00f1os p\u00fablicos se construir\u00e1 un sanitario de discapacitados y&nbsp;<strong>se arreglar\u00e1n de manera integral los ba\u00f1os existentes<\/strong>.<\/p>\n\n\n\n<p>Los trabajos a realizar en ambas intervenciones contar\u00e1n con la\u00a0<strong>renovaci\u00f3n de todas las instalaciones el\u00e9ctricas<\/strong>, iluminaci\u00f3n, instalaci\u00f3n sanitaria, mobiliario y sistema de climatizaci\u00f3n.<\/p>\n\n\n\n<p><strong>Fuente: www.diariouno.com.ar<\/strong><\/p>\n","protected":false},"excerpt":{"rendered":"<p>La Subsecretar\u00eda de Infraestructura y Desarrollo Territorial de Mendoza llam\u00f3 a licitaci\u00f3n para refuncionalizar dos sectores del\u00a0Hospital Pedi\u00e1trico Humberto Notti. El acto administrativo se llevar\u00e1 adelante el\u00a08 de octubre\u00a0a las 10, en Casa de Gobierno. Los trabajos ser\u00e1n en el sector 1, donde est\u00e1 el servicio de&nbsp;cirug\u00eda y recuperaci\u00f3n cardiovascular&nbsp;-con la incorporaci\u00f3n del angi\u00f3grafo-; y [&hellip;]<\/p>\n","protected":false},"author":2,"featured_media":9280,"comment_status":"open","ping_status":"open","sticky":false,"template":"","format":"standard","meta":[],"categories":[58],"tags":[],"_links":{"self":[{"href":"https:\/\/pasaenmendoza.com\/index.php?rest_route=\/wp\/v2\/posts\/9279"}],"collection":[{"href":"https:\/\/pasaenmendoza.com\/index.php?rest_route=\/wp\/v2\/posts"}],"about":[{"href":"https:\/\/pasaenmendoza.com\/index.php?rest_route=\/wp\/v2\/types\/post"}],"author":[{"embeddable":true,"href":"https:\/\/pasaenmendoza.com\/index.php?rest_route=\/wp\/v2\/users\/2"}],"replies":[{"embeddable":true,"href":"https:\/\/pasaenmendoza.com\/index.php?rest_route=%2Fwp%2Fv2%2Fcomments&post=9279"}],"version-history":[{"count":1,"href":"https:\/\/pasaenmendoza.com\/index.php?rest_route=\/wp\/v2\/posts\/9279\/revisions"}],"predecessor-version":[{"id":9281,"href":"https:\/\/pasaenmendoza.com\/index.php?rest_route=\/wp\/v2\/posts\/9279\/revisions\/9281"}],"wp:featuredmedia":[{"embeddable":true,"href":"https:\/\/pasaenmendoza.com\/index.php?rest_route=\/wp\/v2\/media\/9280"}],"wp:attachment":[{"href":"https:\/\/pasaenmendoza.com\/index.php?rest_route=%2Fwp%2Fv2%2Fmedia&parent=9279"}],"wp:term":[{"taxonomy":"category","embeddable":true,"href":"https:\/\/pasaenmendoza.com\/index.php?rest_route=%2Fwp%2Fv2%2Fcategories&post=9279"},{"taxonomy":"post_tag","embeddable":true,"href":"https:\/\/pasaenmendoza.com\/index.php?rest_route=%2Fwp%2Fv2%2Ftags&post=9279"}],"curies":[{"name":"wp","href":"https:\/\/api.w.org\/{rel}","templated":true}]}}