{"id":928,"date":"2023-08-25T13:51:18","date_gmt":"2023-08-25T11:51:18","guid":{"rendered":"https:\/\/pasaenmendoza.com\/?p=928"},"modified":"2023-08-25T13:51:18","modified_gmt":"2023-08-25T11:51:18","slug":"por-que-daniel-orozco-y-janina-ortiz-no-declararon-en-la-causa-que-mas-inquieta","status":"publish","type":"post","link":"https:\/\/pasaenmendoza.com\/?p=928","title":{"rendered":"Por qu\u00e9 Daniel Orozco y Janina Ortiz no declararon en la causa que m\u00e1s inquieta"},"content":{"rendered":"\n<p>El intendente de Las Heras y su esposa, la secretaria de Gobierno, se presentaron ante la Justicia pero no declararon. &#8220;No sabemos lo que hay en el expediente&#8221;, explic\u00f3 la abogada Quintero, quien adelanto que prepara &#8220;una denuncia en organismos internacionales&#8221;.<\/p>\n\n\n\n<p><strong>Daniel Orozco<\/strong>\u00a0y\u00a0<strong>Janina Ortiz<\/strong>\u00a0&#8211; intendente de\u00a0<strong>Las Heras y candidato a vicegobernador\u00a0<\/strong>y secretaria de Gobierno, respectivamente \u2013 se presentaron el mi\u00e9rcoles por la tarde en la Unidad Fiscal de Delitos Econ\u00f3micos para brindar declaraci\u00f3n informativa en el marco de la causa en la que se investigan posibles desv\u00edos de fondos municipales a particulares a trav\u00e9s de una cooperativa de trabajo.<\/p>\n\n\n\n<p>Se trata de la causa que tiene como imputado al subsecretario de Desarrollo Social de\u00a0<strong>Las Heras<\/strong>, Osvaldo Oyhenart, su yerno Juan Pablo Pandolfi y el presidente de la cooperativa Adri\u00e1n P\u00e9rez por el delito de fraude a la administraci\u00f3n p\u00fablica en la modalidad de estafa en cuatro hechos de concurso real.<\/p>\n\n\n\n<p>Sin embargo, no declararon. Mar\u00eda Elena Quintero, abogada tanto de\u00a0<strong>Orozco\u00a0<\/strong>como de\u00a0<strong>Ortiz<\/strong>, habl\u00f3: \u201cTomamos conocimiento a trav\u00e9s de los medios de comunicaci\u00f3n de que ellos iban a ser informados de esa causa. Yo present\u00e9 un escrito, solicitando que ellos quer\u00edan comparecer a proceso, que se los informara, lo que implica que tienen derecho a la defensa y ah\u00ed reci\u00e9n tienen acceso al expediente\u201d.<\/p>\n\n\n\n<p>\u201cEl expediente tiene cuatro cuerpos. Por una decisi\u00f3n estrat\u00e9gica m\u00eda les dije que no declararan porque no sabemos lo que hay en el expediente, cu\u00e1les son las pruebas, por qu\u00e9 motivos est\u00e1n informados\u201d, detall\u00f3 Quintero en<em>\u00a0Sonr\u00eda lo Estamos Filmando<\/em>.<\/p>\n\n\n\n<p>\u201cSi bien la querella se abstiene, y me alegro y aplaudo que la Direcci\u00f3n de Cooperativas intervenga; si bien ellos consideran que\u00a0<strong>Daniel Orozco<\/strong>\u00a0y\u00a0<strong>Janina Ortiz<\/strong>\u00a0no pod\u00edan desconocer esta situaci\u00f3n, lo cierto es que yo tengo que ver la prueba\u201d, insisti\u00f3: \u201cPor eso la recomendaci\u00f3n fue someternos a proceso, porque ellos tambi\u00e9n quieren saber la verdad y tambi\u00e9n quieren que se investigue y se llegue hasta el final\u201d.<\/p>\n\n\n\n<p>\u201cLa Direcci\u00f3n de Cooperativas y nosotros queremos lo mismo: que se investigue y que se llegue a la verdad\u201d, remarc\u00f3. \u201cNo es ninguna sorpresa que no hayan declarado. El fiscal interviniente dos veces dijo que no hab\u00eda m\u00e9rito para tomarles declaraci\u00f3n informativa\u201d.<\/p>\n\n\n\n<p>Respecto de las especulaciones por las denuncias recibidas en plena campa\u00f1a, la abogada de Orozco y Ortiz adelant\u00f3 que \u201cen el momento adecuado voy a dar a conocer las pruebas y voy a formalizar una denuncia en organismos internacionales de c\u00f3mo se utiliza la Justicia para someter a quienes son rivales pol\u00edticos\u201d.<\/p>\n\n\n\n<p>\u201cLa causa de coacciones, es una verg\u00fcenza institucional. Es una causa clara de c\u00f3mo arman las causas judiciales y someten a los adversarios pol\u00edticos. Mendoza ha dejado de tener un Poder Judicial independiente, con pocos fiscales que no tienen otra opci\u00f3n que dejar a salvo su criterio. Los organismos de control dependen de la fuerza pol\u00edtica, no queda m\u00e1s que ir a los organismos internacionales y reclamar que intervengan\u201d, lament\u00f3.<\/p>\n\n\n\n<p>FUENTE: MdzOnline.<\/p>\n","protected":false},"excerpt":{"rendered":"<p>El intendente de Las Heras y su esposa, la secretaria de Gobierno, se presentaron ante la Justicia pero no declararon. &#8220;No sabemos lo que hay en el expediente&#8221;, explic\u00f3 la abogada Quintero, quien adelanto que prepara &#8220;una denuncia en organismos internacionales&#8221;. Daniel Orozco\u00a0y\u00a0Janina Ortiz\u00a0&#8211; intendente de\u00a0Las Heras y candidato a vicegobernador\u00a0y secretaria de Gobierno, respectivamente [&hellip;]<\/p>\n","protected":false},"author":2,"featured_media":929,"comment_status":"open","ping_status":"open","sticky":true,"template":"","format":"standard","meta":[],"categories":[47],"tags":[],"_links":{"self":[{"href":"https:\/\/pasaenmendoza.com\/index.php?rest_route=\/wp\/v2\/posts\/928"}],"collection":[{"href":"https:\/\/pasaenmendoza.com\/index.php?rest_route=\/wp\/v2\/posts"}],"about":[{"href":"https:\/\/pasaenmendoza.com\/index.php?rest_route=\/wp\/v2\/types\/post"}],"author":[{"embeddable":true,"href":"https:\/\/pasaenmendoza.com\/index.php?rest_route=\/wp\/v2\/users\/2"}],"replies":[{"embeddable":true,"href":"https:\/\/pasaenmendoza.com\/index.php?rest_route=%2Fwp%2Fv2%2Fcomments&post=928"}],"version-history":[{"count":1,"href":"https:\/\/pasaenmendoza.com\/index.php?rest_route=\/wp\/v2\/posts\/928\/revisions"}],"predecessor-version":[{"id":930,"href":"https:\/\/pasaenmendoza.com\/index.php?rest_route=\/wp\/v2\/posts\/928\/revisions\/930"}],"wp:featuredmedia":[{"embeddable":true,"href":"https:\/\/pasaenmendoza.com\/index.php?rest_route=\/wp\/v2\/media\/929"}],"wp:attachment":[{"href":"https:\/\/pasaenmendoza.com\/index.php?rest_route=%2Fwp%2Fv2%2Fmedia&parent=928"}],"wp:term":[{"taxonomy":"category","embeddable":true,"href":"https:\/\/pasaenmendoza.com\/index.php?rest_route=%2Fwp%2Fv2%2Fcategories&post=928"},{"taxonomy":"post_tag","embeddable":true,"href":"https:\/\/pasaenmendoza.com\/index.php?rest_route=%2Fwp%2Fv2%2Ftags&post=928"}],"curies":[{"name":"wp","href":"https:\/\/api.w.org\/{rel}","templated":true}]}}