{"id":9285,"date":"2024-09-23T22:56:25","date_gmt":"2024-09-23T20:56:25","guid":{"rendered":"https:\/\/pasaenmendoza.com\/?p=9285"},"modified":"2024-09-23T22:56:26","modified_gmt":"2024-09-23T20:56:26","slug":"cerca-de-7-000-chilenos-quedaron-varados-en-mendoza-tras-el-cierre-del-paso-cristo-redentor","status":"publish","type":"post","link":"https:\/\/pasaenmendoza.com\/?p=9285","title":{"rendered":"Cerca de 7.000 chilenos quedaron varados en Mendoza tras el cierre del Paso Cristo Redentor"},"content":{"rendered":"\n<p>Luego de la ola de visitantes por los festejos patrios del pa\u00eds vecino, el\u00a0<strong>paso a Chile<\/strong>\u00a0se cerr\u00f3 y las autoridades calcularon que este lunes por la ma\u00f1ana todav\u00eda quedaban<strong>\u00a0unos 7.000 trasandinos<\/strong>\u00a0esperando para cruzar.<\/p>\n\n\n\n<p>En tanto, el\u00a0<strong>Paso Internacional Cristo Redentor permanece cerrado<\/strong>\u00a0desde el domingo a las 6 de la ma\u00f1ana, con\u00a0<strong>nevadas<\/strong>\u00a0en Polvaredas, Punta de Vacas, Puente del Inca, Las Cuevas, Libertadores y -del lado chileno- en Portillo y otras localidades.<\/p>\n\n\n\n<p>&#8220;Muchos\u00a0<strong>se quedan ac\u00e1 a dormir<\/strong>&#8220;, describi\u00f3 una empleada de la Terminal de \u00d3mnibus de Mendoza.<\/p>\n\n\n\n<p>Los&nbsp;<strong>turistas<\/strong>&nbsp;llegaron para aprovechar el fin de semana XL, gastaron su dinero y ahora est\u00e1n&nbsp;<strong>con los bolsillos flacos<\/strong>, a la espera de abordar alguno de los 10 o 12 servicios diarios que suelen salir en jornadas normales.<\/p>\n\n\n\n<p>Pero no son d\u00edas corrientes.&nbsp;<strong>La nieve continuar\u00e1<\/strong>&nbsp;y afectar\u00e1 la circulaci\u00f3n por lo menos hasta el martes por la ma\u00f1ana.<\/p>\n\n\n\n<p>&#8220;<strong>Los varados son unos 7 u 8 mil, tal vez un poco menos<\/strong>. Esperamos que puedan ir volviendo cuando se reabra el tr\u00e1nsito&#8221;, consider\u00f3 Osvaldo Valle, de la coordinaci\u00f3n del Paso Internacional Cristo Redentor.<\/p>\n\n\n\n<h2 class=\"wp-block-heading\">Vuelos perdidos<\/h2>\n\n\n\n<p>&#8220;Tambi\u00e9n hay mucha gente que ten\u00eda que hacer&nbsp;<strong>combinaciones de vuelos<\/strong>&nbsp;desde Chile y no lleg\u00f3; ha perdido esos pasajes o los ha reprogramado&#8221;, aportaron desde la Terminal.<\/p>\n\n\n\n<p>En efecto, la periodista que convers\u00f3 con una pasajera que ten\u00eda que estar en Santiago para embarcar hacia\u00a0<strong>M\u00e9xico<\/strong>\u00a0y debi\u00f3 reprogramar todo el itinerario: finalmente\u00a0<strong>embarcar\u00e1 en C\u00f3rdoba<\/strong>, con lo que deber\u00e1 trasladarse all\u00ed para completar su trayecto. Un l\u00edo.<\/p>\n\n\n\n<p>&#8220;No consegu\u00ed ning\u00fan vuelo a Santiago. Lo \u00fanico que me ofrec\u00edan era\u00a0<strong>salir desde Bariloche<\/strong>, pero era demasiado&#8221;, cont\u00f3 la muchacha.<\/p>\n\n\n\n<p>Para colmo, a algunos viajeros que se dirig\u00edan a tierras chilenas los embarcaron en otras provincias&nbsp;<strong>sin advertirles&nbsp;<\/strong>que el paso pod\u00eda cerrarse. Eso hizo que algunos no tomaran las precauciones correspondientes y, en efecto, en la Terminal no eran pocos los que&nbsp;<strong>confesaban haberse quedado sin dinero<\/strong>.<\/p>\n\n\n\n<p>Ahora, desde alta monta\u00f1a avizoran que&nbsp;<strong>el paso podr\u00eda reabrirse el martes<\/strong>, pero son s\u00f3lo anticipos. El transcurrir de las horas permitir\u00e1 mayores precisiones.<\/p>\n\n\n\n<h2 class=\"wp-block-heading\">Hay 900 camiones varados<\/h2>\n\n\n\n<p>Por otro lado,&nbsp;<strong>hay cerca de 900 camiones esperando en Uspallata y alrededores<\/strong>&nbsp;para seguir su curso. M\u00e1s de la mitad de los veh\u00edculos aparcados son extranjeros.<\/p>\n\n\n\n<p>A ellos se suman otros que han quedado aguardando a lo largo de los diferentes estacionamientos que prev\u00e9 el&nbsp;<strong>protocolo<\/strong>&nbsp;que aplica Mendoza para estas eventualidades.<\/p>\n\n\n\n<p>As\u00ed lo confirm\u00f3 Miguel Pelaytay. Ni el periodista ni la mayor\u00eda de los choferes recuerdan haber visto<strong>\u00a0nevadas<\/strong>\u00a0como las actuales en esta \u00e9poca del a\u00f1o.<\/p>\n\n\n\n<p><strong>Fuente: www.diariouno.com.ar<\/strong><\/p>\n","protected":false},"excerpt":{"rendered":"<p>Luego de la ola de visitantes por los festejos patrios del pa\u00eds vecino, el\u00a0paso a Chile\u00a0se cerr\u00f3 y las autoridades calcularon que este lunes por la ma\u00f1ana todav\u00eda quedaban\u00a0unos 7.000 trasandinos\u00a0esperando para cruzar. En tanto, el\u00a0Paso Internacional Cristo Redentor permanece cerrado\u00a0desde el domingo a las 6 de la ma\u00f1ana, con\u00a0nevadas\u00a0en Polvaredas, Punta de Vacas, Puente [&hellip;]<\/p>\n","protected":false},"author":2,"featured_media":9286,"comment_status":"open","ping_status":"open","sticky":false,"template":"","format":"standard","meta":[],"categories":[64],"tags":[],"_links":{"self":[{"href":"https:\/\/pasaenmendoza.com\/index.php?rest_route=\/wp\/v2\/posts\/9285"}],"collection":[{"href":"https:\/\/pasaenmendoza.com\/index.php?rest_route=\/wp\/v2\/posts"}],"about":[{"href":"https:\/\/pasaenmendoza.com\/index.php?rest_route=\/wp\/v2\/types\/post"}],"author":[{"embeddable":true,"href":"https:\/\/pasaenmendoza.com\/index.php?rest_route=\/wp\/v2\/users\/2"}],"replies":[{"embeddable":true,"href":"https:\/\/pasaenmendoza.com\/index.php?rest_route=%2Fwp%2Fv2%2Fcomments&post=9285"}],"version-history":[{"count":1,"href":"https:\/\/pasaenmendoza.com\/index.php?rest_route=\/wp\/v2\/posts\/9285\/revisions"}],"predecessor-version":[{"id":9287,"href":"https:\/\/pasaenmendoza.com\/index.php?rest_route=\/wp\/v2\/posts\/9285\/revisions\/9287"}],"wp:featuredmedia":[{"embeddable":true,"href":"https:\/\/pasaenmendoza.com\/index.php?rest_route=\/wp\/v2\/media\/9286"}],"wp:attachment":[{"href":"https:\/\/pasaenmendoza.com\/index.php?rest_route=%2Fwp%2Fv2%2Fmedia&parent=9285"}],"wp:term":[{"taxonomy":"category","embeddable":true,"href":"https:\/\/pasaenmendoza.com\/index.php?rest_route=%2Fwp%2Fv2%2Fcategories&post=9285"},{"taxonomy":"post_tag","embeddable":true,"href":"https:\/\/pasaenmendoza.com\/index.php?rest_route=%2Fwp%2Fv2%2Ftags&post=9285"}],"curies":[{"name":"wp","href":"https:\/\/api.w.org\/{rel}","templated":true}]}}