{"id":9291,"date":"2024-09-24T00:20:24","date_gmt":"2024-09-23T22:20:24","guid":{"rendered":"https:\/\/pasaenmendoza.com\/?p=9291"},"modified":"2024-09-24T00:20:26","modified_gmt":"2024-09-23T22:20:26","slug":"cuantos-docentes-quedaron-habilitados-para-concursar-por-un-cargo-directivo-en-mendoza","status":"publish","type":"post","link":"https:\/\/pasaenmendoza.com\/?p=9291","title":{"rendered":"Cu\u00e1ntos docentes quedaron habilitados para concursar por un cargo directivo en Mendoza"},"content":{"rendered":"\n<p>En abril de este a\u00f1o, el<strong>\u00a0Ministerio de Educaci\u00f3n, Cultura, Infancias y DGE<\/strong>, difundi\u00f3 las normativas y requisitos para que docentes puedan\u00a0concursar por cargos directivos\u00a0en las escuelas dependientes de la Direcci\u00f3n General de Escuelas (DGE), en todos sus niveles y modalidades.<\/p>\n\n\n\n<p>Este lunes, m\u00e1s de cinco meses despu\u00e9s y tras concluir la etapa de inscripci\u00f3n, se conoci\u00f3 el<strong>&nbsp;listado definitivo de los postulantes<\/strong>. Teniendo en cuenta los diferentes niveles y modalidades, un total de&nbsp;<strong>4.342 docentes<\/strong>&nbsp;estar\u00e1n en condiciones de rendir los ex\u00e1menes. Adem\u00e1s,&nbsp;<strong>Nivel Primario<\/strong>&nbsp;es el que tiene m\u00e1s aspirantes, con<strong>&nbsp;1.632&nbsp;<\/strong>profesionales de la educaci\u00f3n habilitados para la siguiente etapa.<\/p>\n\n\n\n<p>\u201c<em>Sab\u00edamos que \u00edbamos a superar los 4.000 docentes.\u00a0<strong>Registramos 800 docentes m\u00e1s que el \u00faltimo concurso en 2017-2018, cuando hubo 3.500<\/strong>. Es alentador porque significa que a los docentes les importa hacer carrera y conducir las escuelas<\/em>\u201c, expres\u00f3<strong>\u00a0Claudia Ferrari<\/strong>, subsecretaria de Educaci\u00f3n.<\/p>\n\n\n\n<h2 class=\"wp-block-heading\" id=\"h-cantidad-de-aspirantes-segun-nivel-y-modalidad\">Cantidad de aspirantes seg\u00fan nivel y modalidad<\/h2>\n\n\n\n<p>Desglosando, estos son los postulantes seg\u00fan el nivel y la modalidad:<\/p>\n\n\n\n<ul>\n<li>Nivel Inicial:&nbsp;<strong>527&nbsp;<\/strong>aspirantes.<\/li>\n\n\n\n<li>Nivel Primario:&nbsp;<strong>1.632<\/strong>&nbsp;aspirantes.<\/li>\n\n\n\n<li>Nivel Secundario:&nbsp;<strong>1.449<\/strong>&nbsp;aspirantes.<\/li>\n\n\n\n<li>CEBJA:&nbsp;<strong>156&nbsp;<\/strong>aspirantes.<\/li>\n\n\n\n<li>CENS:&nbsp;<strong>296<\/strong>&nbsp;aspirantes.<\/li>\n\n\n\n<li>Centros de Capacitaci\u00f3n para el Trabajo (CCT):&nbsp;<strong>135&nbsp;<\/strong>aspirantes.<\/li>\n\n\n\n<li>Educaci\u00f3n Especial:&nbsp;<strong>147<\/strong>&nbsp;aspirantes.<\/li>\n<\/ul>\n\n\n\n<p>En relaci\u00f3n a la&nbsp;<strong>cantidad de cargos disponibles<\/strong>, Ferrari confirm\u00f3 que hasta el momento son<strong>&nbsp;1.100<\/strong>, pero agreg\u00f3 que este n\u00famero puede cambiar, teniendo en cuenta que el concurso se extiende hasta finales de 2025, y en ese lapso pueden generarse licencias y jubilaciones.<\/p>\n\n\n\n<p>\u201c<em>Si quedan personas capacitadas y los cargos se agotan, a medida que se producen licencias y jubilaciones, estos docentes tendr\u00e1n prioridad<\/em>\u201c, ampli\u00f3 la funcionaria.<\/p>\n\n\n\n<h2 class=\"wp-block-heading\" id=\"h-como-sigue-el-proceso\">C\u00f3mo sigue el proceso<\/h2>\n\n\n\n<p>Tras la publicaci\u00f3n del listado definitivo,<strong>&nbsp;entre el 7 y el 18 de octubre, se elegir\u00e1 el jurado<\/strong>&nbsp;seg\u00fan nivel y modalidad. Luego, la pr\u00f3xima etapa ser\u00e1 reci\u00e9n en febrero de 2025. As\u00ed, con tres instancias de evaluaci\u00f3n, el&nbsp;<strong>12 de febrero<\/strong>&nbsp;ser\u00e1 la primera, en la que los candidatos rendir\u00e1n el&nbsp;<strong>examen escrito<\/strong>.<\/p>\n\n\n\n<p>\u201c<em>El primer examen ser\u00e1 de estudio de casos, de c\u00f3mo se resolver\u00eda la situaci\u00f3n. Previo, se escuchar\u00e1n las consideraci\u00f3n que el docente pueda tener<\/em>\u201c, asegur\u00f3 Ferrari.<\/p>\n\n\n\n<p>Posteriormente,<strong>\u00a0el 5 de mayo los postulantes comenzar\u00e1n el proceso de pasant\u00edas<\/strong>\u00a0en una instituci\u00f3n escolar que se les asigne, donde conocer\u00e1n sus problem\u00e1ticas y elaborar\u00e1n una propuesta de mejora institucional, que se expondr\u00e1 de manera escrita el<strong>\u00a027 de julio<\/strong>.<\/p>\n\n\n\n<p>En tanto, del<strong>&nbsp;8 al 29 de septiembre, ser\u00e1 la evaluaci\u00f3n oral y la defensa de los proyectos de pasant\u00edas.<\/strong><\/p>\n\n\n\n<p>De esta forma, en&nbsp;<strong>octubre<\/strong>&nbsp;de 2025 iniciar\u00e1 la parte final.&nbsp;<strong>El 6 de dicho mes se publicar\u00e1 el listado oficial&nbsp;<\/strong>seg\u00fan puntaje. Del 6 al 13, son los d\u00edas asignados para la presentaci\u00f3n de reclamos ante las Juntas Calificadoras de M\u00e9ritos.&nbsp;<strong>El 27 se dar\u00e1 a conocer el listado definitivo.<\/strong>&nbsp;Y el&nbsp;<strong>1 de noviembre, comenzar\u00e1 el acto de traslado e ingreso a la Jerarqu\u00eda Directiva.<\/strong><\/p>\n\n\n\n<p>Finalmente, luego de un proceso que se extender\u00e1 por m\u00e1s de un a\u00f1o,<strong>&nbsp;el 1 de febrero de 2026 ser\u00e1 la toma de posesi\u00f3n de cargos<\/strong>.<\/p>\n\n\n\n<p>\u201c<em>Al ser un concurso que requiere de mucho tiempo y dedicaci\u00f3n, ya venimos trabajando hace tiempo con todos los que se inscribieron.&nbsp;<strong>Queremos acompa\u00f1ar al docente para que los resultados dependan de la preparaci\u00f3n de cada aspirante<\/strong><\/em>\u201c, dijo la subsecretaria de Educaci\u00f3n.<\/p>\n\n\n\n<p>En este sentido, la funcionaria coment\u00f3 que est\u00e1n avanzando para poder entregar pr\u00f3ximamente, un documento con la informaci\u00f3n necesaria para que el docente est\u00e9 al tanto de lo que se encontrar\u00e1 en la siguiente etapa.<\/p>\n\n\n\n<p><strong>Fuente: www.elsol.com.ar<\/strong><\/p>\n\n\n\n<p><\/p>\n","protected":false},"excerpt":{"rendered":"<p>En abril de este a\u00f1o, el\u00a0Ministerio de Educaci\u00f3n, Cultura, Infancias y DGE, difundi\u00f3 las normativas y requisitos para que docentes puedan\u00a0concursar por cargos directivos\u00a0en las escuelas dependientes de la Direcci\u00f3n General de Escuelas (DGE), en todos sus niveles y modalidades. Este lunes, m\u00e1s de cinco meses despu\u00e9s y tras concluir la etapa de inscripci\u00f3n, se [&hellip;]<\/p>\n","protected":false},"author":2,"featured_media":9293,"comment_status":"open","ping_status":"open","sticky":false,"template":"","format":"standard","meta":[],"categories":[56],"tags":[],"_links":{"self":[{"href":"https:\/\/pasaenmendoza.com\/index.php?rest_route=\/wp\/v2\/posts\/9291"}],"collection":[{"href":"https:\/\/pasaenmendoza.com\/index.php?rest_route=\/wp\/v2\/posts"}],"about":[{"href":"https:\/\/pasaenmendoza.com\/index.php?rest_route=\/wp\/v2\/types\/post"}],"author":[{"embeddable":true,"href":"https:\/\/pasaenmendoza.com\/index.php?rest_route=\/wp\/v2\/users\/2"}],"replies":[{"embeddable":true,"href":"https:\/\/pasaenmendoza.com\/index.php?rest_route=%2Fwp%2Fv2%2Fcomments&post=9291"}],"version-history":[{"count":1,"href":"https:\/\/pasaenmendoza.com\/index.php?rest_route=\/wp\/v2\/posts\/9291\/revisions"}],"predecessor-version":[{"id":9294,"href":"https:\/\/pasaenmendoza.com\/index.php?rest_route=\/wp\/v2\/posts\/9291\/revisions\/9294"}],"wp:featuredmedia":[{"embeddable":true,"href":"https:\/\/pasaenmendoza.com\/index.php?rest_route=\/wp\/v2\/media\/9293"}],"wp:attachment":[{"href":"https:\/\/pasaenmendoza.com\/index.php?rest_route=%2Fwp%2Fv2%2Fmedia&parent=9291"}],"wp:term":[{"taxonomy":"category","embeddable":true,"href":"https:\/\/pasaenmendoza.com\/index.php?rest_route=%2Fwp%2Fv2%2Fcategories&post=9291"},{"taxonomy":"post_tag","embeddable":true,"href":"https:\/\/pasaenmendoza.com\/index.php?rest_route=%2Fwp%2Fv2%2Ftags&post=9291"}],"curies":[{"name":"wp","href":"https:\/\/api.w.org\/{rel}","templated":true}]}}