{"id":9295,"date":"2024-09-24T22:45:05","date_gmt":"2024-09-24T20:45:05","guid":{"rendered":"https:\/\/pasaenmendoza.com\/?p=9295"},"modified":"2024-09-24T22:45:06","modified_gmt":"2024-09-24T20:45:06","slug":"lucha-antigranizo-cornejo-le-cedio-a-alvear-dos-aviones-para-combatir-las-tormentas","status":"publish","type":"post","link":"https:\/\/pasaenmendoza.com\/?p=9295","title":{"rendered":"Lucha Antigranizo: Cornejo le cedi\u00f3 a Alvear dos aviones para combatir las tormentas"},"content":{"rendered":"\n<p>La vuelta de la<strong>\u00a0Lucha Antigranizo<\/strong>\u00a0<strong>para el Sur est\u00e1 a la vuelta de la esquina<\/strong>. Este lunes\u00a0<strong>el Gobierno le cedi\u00f3 a Alvear dos aviones del Estado para hacer el combate a\u00e9reo<\/strong>, tanto esa comuna como San Rafael ya aprobaron las ordenanzas para financiarla y el Gobierno aportar\u00e1 tambi\u00e9n los radares y el stock de bengalas. S\u00f3lo falta definir qu\u00e9 empresa prestar\u00e1 el servicio.<\/p>\n\n\n\n<p>Entre tanto, las dos comunas sure\u00f1as deber\u00e1n&nbsp;<strong>conformar un fideicomiso<\/strong>&nbsp;que ser\u00e1 lo que sustente econ\u00f3micamente esta nueva versi\u00f3n de la Lucha Antigranizo y contrate a la empresa. La idea es llegar a fines de octubre con el sistema funcionando.<\/p>\n\n\n\n<p>Al acto formal de cesi\u00f3n acudieron el ministro de Producci\u00f3n, Rodolfo Vargas Arizu y la vicegobernadora Hebe Casado. Y el intendente Alejandro Molero rescat\u00f3 que la provincia no s\u00f3lo cedi\u00f3 dos aviones (de los 4 que posee el Estado) sino que adem\u00e1s aportar\u00e1 fondos para financiar el costo del servicio.<\/p>\n\n\n\n<p>\u201cComenz\u00f3 con la<strong>&nbsp;sesi\u00f3n en comodato de las aeronaves<\/strong>, pero se le agreg\u00f3 el&nbsp;<strong>pa\u00f1ol de repuestos, talleres<\/strong>, despu\u00e9s el aporte del Gobierno de la Provincia de todo&nbsp;<strong>el sistema de radares<\/strong>. Y tambi\u00e9n una cuota parte en lo econ\u00f3mico para el sostenimiento del sistema\u201d, puntualiz\u00f3 Molero.<\/p>\n\n\n\n<p>El<strong>&nbsp;costo<\/strong>&nbsp;estimado de esta versi\u00f3n acotada de&nbsp;<strong>la Lucha Antigranizo es de $2.590 millones<\/strong>&nbsp;de los cuales&nbsp;<strong>San Rafael aportar\u00eda unos $1.000, Alvear otros $590 millones y a los $1.000 millones restantes los aportar\u00e1 el Gobierno provincial.<\/strong><\/p>\n\n\n\n<p>Por su parte, el ministro de Producci\u00f3n Rodolfo Vargas Arizu, remarc\u00f3 que la provincia est\u00e1 implementando un cambio en la lucha contra las inclemencias clim\u00e1ticas, traslad\u00e1ndose de un sistema tradicional a un fondo compensador para granizo.<\/p>\n\n\n\n<h2 class=\"wp-block-heading\">Los sure\u00f1os ganaron la batalla y tendr\u00e1n Lucha Antigranizo<\/h2>\n\n\n\n<p>La puja pol\u00edtica que comenz\u00f3 el intendente de Alvear, Alejandro Molero, termin\u00f3 por dar resultado. Despu\u00e9s de que el gobernador Alfredo Cornejo decidiera ponerle fin al combate a\u00e9reo de las tormentas graniceras con la empresa AEMSA, el alvearense inici\u00f3 un trabajo de hormiga para lograr sostener el servicio en la zona Sur, en donde el granizo es una verdadera amenaza, no s\u00f3lo para el agro sino tambi\u00e9n para el turismo.<\/p>\n\n\n\n<p>As\u00ed logr\u00f3 aprobar la ordenanza para que los vecinos aporten el 4% del consumo el\u00e9ctrico para sostener ese sistema y convenci\u00f3 a su par de San Rafael, Omar F\u00e9lix para hacer lo propio. En ese departamento hubo hasta una audiencia p\u00fablica vinculante que termin\u00f3 por aprobar el aporte vecinal para sostener el servicio. Ah\u00ed aportar\u00e1n el 3% de la factura el\u00e9ctrica.<\/p>\n\n\n\n<p>Pero adem\u00e1s, pese a que el Gobierno parec\u00eda dispuesto a no poner un peso m\u00e1s para esa lucha a\u00e9rea contra las tormentas graniceras, Molero consigui\u00f3 que soltara $1.000 millones, adem\u00e1s de los aviones, los radares y el stock de bengalas que quedaron sin usar.<\/p>\n\n\n\n<h2 class=\"wp-block-heading\">Tres empresas pelean por quedarse con el servicio a\u00e9reo en el Sur<\/h2>\n\n\n\n<p>El 12 de septiembre pasado la comuna de Alvear lanz\u00f3 la licitaci\u00f3n para elegir a la empresa a\u00e9rea que prestar\u00e1 el servicio de la Lucha Antigranizo en la zona Sur.<\/p>\n\n\n\n<p>En ese lanzamiento se estableci\u00f3 como requisitos:<\/p>\n\n\n\n<p>1. Permisos de importaci\u00f3n de bengalas y cartuchos a utilizar.<\/p>\n\n\n\n<p>2. Habilitaciones de los aviones de propiedad de la Provincia y de los aeroclubes designados para realizar dicha tarea.<\/p>\n\n\n\n<p>3. Restantes condiciones y requisitos que oportunamente se soliciten en pliegos de contrataci\u00f3n.<\/p>\n\n\n\n<p>Seg\u00fan trascendi\u00f3 tras el acto de cesi\u00f3n de aviones del Estado, hasta el momento hay 3 empresas interesadas en dar el servicio: la firma de capitales mendocinos<strong>\u00a0Fondos Group,<\/strong>\u00a0<strong>American Jet,<\/strong>\u00a0que es de origen nacional y la compa\u00f1\u00eda norteamericana que ya prest\u00f3 servicios en Mendoza a principios del 2000,\u00a0<strong>Weather Modification.<\/strong><\/p>\n\n\n\n<p><strong>Fuente: www.diariouno.com.ar<\/strong><\/p>\n\n\n\n<p><\/p>\n","protected":false},"excerpt":{"rendered":"<p>La vuelta de la\u00a0Lucha Antigranizo\u00a0para el Sur est\u00e1 a la vuelta de la esquina. Este lunes\u00a0el Gobierno le cedi\u00f3 a Alvear dos aviones del Estado para hacer el combate a\u00e9reo, tanto esa comuna como San Rafael ya aprobaron las ordenanzas para financiarla y el Gobierno aportar\u00e1 tambi\u00e9n los radares y el stock de bengalas. S\u00f3lo [&hellip;]<\/p>\n","protected":false},"author":2,"featured_media":9296,"comment_status":"open","ping_status":"open","sticky":false,"template":"","format":"standard","meta":[],"categories":[47],"tags":[],"_links":{"self":[{"href":"https:\/\/pasaenmendoza.com\/index.php?rest_route=\/wp\/v2\/posts\/9295"}],"collection":[{"href":"https:\/\/pasaenmendoza.com\/index.php?rest_route=\/wp\/v2\/posts"}],"about":[{"href":"https:\/\/pasaenmendoza.com\/index.php?rest_route=\/wp\/v2\/types\/post"}],"author":[{"embeddable":true,"href":"https:\/\/pasaenmendoza.com\/index.php?rest_route=\/wp\/v2\/users\/2"}],"replies":[{"embeddable":true,"href":"https:\/\/pasaenmendoza.com\/index.php?rest_route=%2Fwp%2Fv2%2Fcomments&post=9295"}],"version-history":[{"count":1,"href":"https:\/\/pasaenmendoza.com\/index.php?rest_route=\/wp\/v2\/posts\/9295\/revisions"}],"predecessor-version":[{"id":9297,"href":"https:\/\/pasaenmendoza.com\/index.php?rest_route=\/wp\/v2\/posts\/9295\/revisions\/9297"}],"wp:featuredmedia":[{"embeddable":true,"href":"https:\/\/pasaenmendoza.com\/index.php?rest_route=\/wp\/v2\/media\/9296"}],"wp:attachment":[{"href":"https:\/\/pasaenmendoza.com\/index.php?rest_route=%2Fwp%2Fv2%2Fmedia&parent=9295"}],"wp:term":[{"taxonomy":"category","embeddable":true,"href":"https:\/\/pasaenmendoza.com\/index.php?rest_route=%2Fwp%2Fv2%2Fcategories&post=9295"},{"taxonomy":"post_tag","embeddable":true,"href":"https:\/\/pasaenmendoza.com\/index.php?rest_route=%2Fwp%2Fv2%2Ftags&post=9295"}],"curies":[{"name":"wp","href":"https:\/\/api.w.org\/{rel}","templated":true}]}}