{"id":9302,"date":"2024-09-24T23:07:41","date_gmt":"2024-09-24T21:07:41","guid":{"rendered":"https:\/\/pasaenmendoza.com\/?p=9302"},"modified":"2024-09-24T23:07:43","modified_gmt":"2024-09-24T21:07:43","slug":"asi-se-preparan-los-municipios-del-gran-mendoza-para-dar-batalla-al-dengue","status":"publish","type":"post","link":"https:\/\/pasaenmendoza.com\/?p=9302","title":{"rendered":"As\u00ed se preparan los municipios del Gran Mendoza para dar batalla al dengue"},"content":{"rendered":"\n<p><strong>Mendoza<\/strong>\u00a0se prepara para dar batalla contra el\u00a0<strong>dengue\u00a0<\/strong>y el Gobierno inst\u00f3 a los municipios a realizar un trabajo en conjunto. De este modo,\u00a0<strong>cada intendente deber\u00e1 idear su plan de acci\u00f3n y ponerlo en marcha a lo largo de los pr\u00f3ximos tres meses<\/strong>, que es cuando el calor m\u00e1s aflora.<\/p>\n\n\n\n<p>Luego de la presentaci\u00f3n oficial del&nbsp;<strong>Plan Provincial de la Lucha Contra el Dengue<\/strong>, a cargo de las autoridades del Ministerio de Salud, ahora s\u00f3lo resta que los municipios accionen y pongan en pr\u00e1ctica todas las medidas dispuestas.<\/p>\n\n\n\n<p>\u201cEl foco central de la campa\u00f1a estar\u00e1 puesto en la limpieza de los espacios p\u00fablicos y en la concientizaci\u00f3n\u201d,\u00a0explic\u00f3 el ministro de Salud,\u00a0<strong>Rodolfo Montero<\/strong>, y advirti\u00f3 una vez m\u00e1s que \u201c<strong>Mendoza no acceder\u00e1 a la campa\u00f1a de vacunaci\u00f3n<\/strong>, ya que no est\u00e1 dentro de las zonas consideradas end\u00e9micas\u201d.<\/p>\n\n\n\n<h2 class=\"wp-block-heading\" id=\"h-como-sera-la-campana-en-los-municipios\">C\u00f3mo ser\u00e1 la campa\u00f1a en los municipios<\/h2>\n\n\n\n<p>La mayor\u00eda de los municipios han referido que la lucha contra el dengue la vienen teniendo hace tiempo, que no es una cuesti\u00f3n estacional o de tres meses. Es decir que, lo que se har\u00e1 de ahora en adelante ser\u00e1 reforzar un trabajo que ya se viene haciendo.<\/p>\n\n\n\n<h3 class=\"wp-block-heading\" id=\"h-guaymallen-se-focalizara-en-la-concientizacion\">Guaymall\u00e9n se focalizar\u00e1 en la concientizaci\u00f3n<\/h3>\n\n\n\n<p>Guaymall\u00e9n es uno de los municipios que realiza un trabajo constante a lo largo de todo el a\u00f1o. El mismo se focaliza en la concientizaci\u00f3n ciudadana a fin de que cuando arranque la temporada del mosquito la gente ya est\u00e9 advertida sobre la prevenci\u00f3n.<\/p>\n\n\n\n<p>\u201cVamos casa por casa y lo que hacemos es darle una breve explicaci\u00f3n al vecino sobre lo que implica el dengue, c\u00f3mo prevenir la enfermedad, los cuidados a tener en cuenta, ya que es un mosquito intradomiciliario, es decir, convive adentro de las casas y la \u00fanica manera de prevenirlo es eliminar los posibles criaderos\u201d coment\u00f3 <strong>Cinthia Ventura<\/strong>, jefa de Zoonosis de la municipalidad de Guaymall\u00e9n.<\/p>\n\n\n\n<p>Una vez que la gente se informa sobre lo que debe hacer, en especial, toma conciencia sobre el descacharreo y dem\u00e1s, entra en juego el personal de Servicios P\u00fablicos, \u00e1rea que se encarga de la recolecci\u00f3n del material.<\/p>\n\n\n\n<p>\u201cTambi\u00e9n damos charlas en diferentes centros de jubilados o uniones vecinales para tratar de que la poblaci\u00f3n sea multiplicadora de la informaci\u00f3n. Adem\u00e1s, en las reuniones informamos acerca de por qu\u00e9 no es conveniente tirar veneno por todos lados\u201d, cont\u00f3 la profesional.<\/p>\n\n\n\n<p>Ante cualquier duda,\u00a0<strong>los vecinos se pueden comunicar a la Direcci\u00f3n de Salud a los tel\u00e9fonos: 4498287 y 4498288<\/strong>.<\/p>\n\n\n\n<h3 class=\"wp-block-heading\" id=\"h-maipu-apunta-a-la-prevencion\">Maip\u00fa apunta a la prevenci\u00f3n<\/h3>\n\n\n\n<p>El municipio comandado por Mat\u00edas Stevanato ha planificado una campa\u00f1a de prevenci\u00f3n con cuatro ejes de acci\u00f3n contra el dengue.<\/p>\n\n\n\n<ul>\n<li><strong>Eje comunicacional<\/strong>: se brindar\u00e1 mucha informaci\u00f3n en redes sociales, adem\u00e1s, para llegar a la mayor cantidad de vecinos, se dispondr\u00e1 de autoparlantes que brindar\u00e1n recomendaciones de prevenci\u00f3n y las mismas se dispondr\u00e1n en sectores focalizados como (clubes, lagos y dem\u00e1s).<\/li>\n\n\n\n<li><strong>Operativos territoriales preventivos:<\/strong>&nbsp;habr\u00e1 higiene urbana permanente y los operarios no s\u00f3lo realizar\u00e1n sus trabajos en los espacios p\u00fablicos sino que recorrer\u00e1n casa por casa con folletos e informaci\u00f3n preventiva.<\/li>\n\n\n\n<li><strong>Atenci\u00f3n primaria de la Salud:&nbsp;<\/strong>en caso de que se capten casos sospechosos de manera temprana ser\u00e1n atendidos en los Centros de Salud municipales y, de ser necesario, las personas ser\u00e1n derivadas.<\/li>\n\n\n\n<li><strong>Sistema Nacional de Vigilancia Epidemiol\u00f3gica<\/strong>\u00a0(SISA): habr\u00e1 un monitoreo de cada casa del departamento.<\/li>\n<\/ul>\n\n\n\n<h3 class=\"wp-block-heading\" id=\"h-lujan-de-cuyo-se-acopla-a-los-lineamientos-generales\">Luj\u00e1n de Cuyo se acopla a los lineamientos generales<\/h3>\n\n\n\n<p>Desde el municipio liderado por Esteban Allasino explicaron que se amoldar\u00e1n el Plan Provincial de Lucha Contra el Dengue difundido por el Gobierno de Mendoza.<\/p>\n\n\n\n<h3 class=\"wp-block-heading\" id=\"h-godoy-cruz-enfocados-en-la-prevencion-y-capacitacion\">Godoy Cruz, enfocados en la prevenci\u00f3n y capacitaci\u00f3n<\/h3>\n\n\n\n<p>Tal como el resto de los municipios, Godoy Cruz viene trabajando hace tiempo en la prevenci\u00f3n y capacitaci\u00f3n del personal. Ahora, con las herramientas incorporadas se focalizar\u00e1 en tres ejes de acci\u00f3n.<\/p>\n\n\n\n<p>\u201cHemos tenido capacitaciones con diferentes organismos provinciales como son Zoonosis y Epidemiolog\u00eda y en base con lo aprendido pondremos en marcha nuestra campa\u00f1a de prevenci\u00f3n\u201d, cont\u00f3 el director de Salud de Godoy Cruz,&nbsp;<strong>Mart\u00edn Garc\u00eda.<\/strong><\/p>\n\n\n\n<p>El funcionario advirti\u00f3 que se trabajar\u00e1 sobre tres ejes de acci\u00f3n:<\/p>\n\n\n\n<ul>\n<li><strong>Concientizaci\u00f3n domiciliaria<\/strong>.<\/li>\n<\/ul>\n\n\n\n<ul>\n<li><strong>Trabajo peridomiciliar,&nbsp;<\/strong>tiene que ver con la higiene urbana del departamento: limpieza de acequias (a trav\u00e9s de un cronograma previsto por el municipio), descacharreo, deforesrtaci\u00f3n. \u201cEse trabajo lo venimos haciendo a lo largo de todo el a\u00f1o y la idea es sostenerlo durante los pr\u00f3ximos meses\u201d, dijo Garc\u00eda.<\/li>\n\n\n\n<li>Luego viene el trabajo de\u00a0<strong>concientizaci\u00f3n poblacional<\/strong>. \u201cSe trabaja con los vecinos, mediante folleter\u00eda y todo tipo de prevenci\u00f3n. Les explicamos a los residentes qu\u00e9 es el dengue, los lugares a d\u00f3nde act\u00faa y qu\u00e9 hacer para erradicar su presencia, entre otras cosas\u201d, explic\u00f3 el funcionario.<\/li>\n<\/ul>\n\n\n\n<p>Respecto a no fumigar en espacios p\u00fablicos, tal como lo estableci\u00f3 Montero, ya que es un trabajo innecesario y sin frutos s\u00f3lidos, el profesional coincidi\u00f3 y agreg\u00f3: \u201cLa gente tiene la idea de que si se fumiga de combate la plaga, pero, entiendo que es una creencia que se relaciona con&nbsp;nuestro pasado reciente de la pandemia de coronavirus. En ese entonces, la fumigaci\u00f3n serv\u00eda y generaba conciencia, ahora no es la herramienta recomendable para combatir el virus en los espacios p\u00fablicos\u201d.<\/p>\n\n\n\n<p>En tanto, desde\u00a0<strong>Ciudad y Las Heras<\/strong>\u00a0no brindaron informaci\u00f3n concreta, aunque ambas comunas refirieron estar trabajando en un plan determinado.<\/p>\n\n\n\n<p><strong>Fuente: www.elsol.com.ar<\/strong><\/p>\n","protected":false},"excerpt":{"rendered":"<p>Mendoza\u00a0se prepara para dar batalla contra el\u00a0dengue\u00a0y el Gobierno inst\u00f3 a los municipios a realizar un trabajo en conjunto. De este modo,\u00a0cada intendente deber\u00e1 idear su plan de acci\u00f3n y ponerlo en marcha a lo largo de los pr\u00f3ximos tres meses, que es cuando el calor m\u00e1s aflora. Luego de la presentaci\u00f3n oficial del&nbsp;Plan Provincial [&hellip;]<\/p>\n","protected":false},"author":2,"featured_media":9303,"comment_status":"open","ping_status":"open","sticky":false,"template":"","format":"standard","meta":[],"categories":[50],"tags":[],"_links":{"self":[{"href":"https:\/\/pasaenmendoza.com\/index.php?rest_route=\/wp\/v2\/posts\/9302"}],"collection":[{"href":"https:\/\/pasaenmendoza.com\/index.php?rest_route=\/wp\/v2\/posts"}],"about":[{"href":"https:\/\/pasaenmendoza.com\/index.php?rest_route=\/wp\/v2\/types\/post"}],"author":[{"embeddable":true,"href":"https:\/\/pasaenmendoza.com\/index.php?rest_route=\/wp\/v2\/users\/2"}],"replies":[{"embeddable":true,"href":"https:\/\/pasaenmendoza.com\/index.php?rest_route=%2Fwp%2Fv2%2Fcomments&post=9302"}],"version-history":[{"count":1,"href":"https:\/\/pasaenmendoza.com\/index.php?rest_route=\/wp\/v2\/posts\/9302\/revisions"}],"predecessor-version":[{"id":9304,"href":"https:\/\/pasaenmendoza.com\/index.php?rest_route=\/wp\/v2\/posts\/9302\/revisions\/9304"}],"wp:featuredmedia":[{"embeddable":true,"href":"https:\/\/pasaenmendoza.com\/index.php?rest_route=\/wp\/v2\/media\/9303"}],"wp:attachment":[{"href":"https:\/\/pasaenmendoza.com\/index.php?rest_route=%2Fwp%2Fv2%2Fmedia&parent=9302"}],"wp:term":[{"taxonomy":"category","embeddable":true,"href":"https:\/\/pasaenmendoza.com\/index.php?rest_route=%2Fwp%2Fv2%2Fcategories&post=9302"},{"taxonomy":"post_tag","embeddable":true,"href":"https:\/\/pasaenmendoza.com\/index.php?rest_route=%2Fwp%2Fv2%2Ftags&post=9302"}],"curies":[{"name":"wp","href":"https:\/\/api.w.org\/{rel}","templated":true}]}}