{"id":9308,"date":"2024-09-25T23:04:30","date_gmt":"2024-09-25T21:04:30","guid":{"rendered":"https:\/\/pasaenmendoza.com\/?p=9308"},"modified":"2024-09-25T23:04:32","modified_gmt":"2024-09-25T21:04:32","slug":"se-habilito-el-paso-a-chile-con-demoras-de-cinco-horas-y-se-complico-el-transito-en-el-acceso-sur","status":"publish","type":"post","link":"https:\/\/pasaenmendoza.com\/?p=9308","title":{"rendered":"Se habilit\u00f3 el paso a Chile con demoras de cinco horas y se complic\u00f3 el tr\u00e1nsito en el Acceso Sur"},"content":{"rendered":"\n<p>Las autoridades\u00a0<strong>habilitaron el\u00a0paso a Chile<\/strong>\u00a0para todo tipo de veh\u00edculos en la ma\u00f1ana de este mi\u00e9rcoles y hay\u00a0<strong>cinco horas de demora\u00a0<\/strong>en el complejo Los Libertadores. Adem\u00e1s, hay complicaciones en el tr\u00e1nsito en el Acceso Sur porque los camiones que quedaron varados, estacionaron en la banquina y dificultaron la circulaci\u00f3n de los veh\u00edculos.<\/p>\n\n\n\n<p>Desde las 10 el tr\u00e1nsito qued\u00f3 abierto en las localidades de Guardia Vieja y Uspallata. De esta manera podr\u00e1n retornar a su pa\u00eds parte de los 7.000 turistas chilenos que no hab\u00edan podido hacerlo desde el domingo por el cierre del cruce internacional.<\/p>\n\n\n\n<h2 class=\"wp-block-heading\"><strong>Un aluvi\u00f3n de turistas chilenos podr\u00e1 retornar a su pa\u00eds<\/strong><\/h2>\n\n\n\n<p>Alrededor de 7.000 turistas chilenos quedaron varados en Mendoza, luego del fin de semana largo por las fiestas patrias en su pa\u00eds.<\/p>\n\n\n\n<p>Los trasandinos comenzaron a llegar a Mendoza a partir del martes hasta el jueves y se contabiliz\u00f3 a m\u00e1s de 20.000 visitantes.<\/p>\n\n\n\n<p>La presencia de chilenos represent\u00f3 el 60% de ocupaci\u00f3n hotelera a nivel provincial y el 75% en la Ciudad de Mendoza.<\/p>\n\n\n\n<p>El s\u00e1bado en la tarde, luego del evento de Viento Zonda se anunci\u00f3 que el domingo iba a cerrar el corredor internacional por intensas precipitaciones.<\/p>\n\n\n\n<p><strong>Fuente: www.diariouno.com.ar<\/strong><\/p>\n","protected":false},"excerpt":{"rendered":"<p>Las autoridades\u00a0habilitaron el\u00a0paso a Chile\u00a0para todo tipo de veh\u00edculos en la ma\u00f1ana de este mi\u00e9rcoles y hay\u00a0cinco horas de demora\u00a0en el complejo Los Libertadores. Adem\u00e1s, hay complicaciones en el tr\u00e1nsito en el Acceso Sur porque los camiones que quedaron varados, estacionaron en la banquina y dificultaron la circulaci\u00f3n de los veh\u00edculos. Desde las 10 el [&hellip;]<\/p>\n","protected":false},"author":2,"featured_media":9309,"comment_status":"open","ping_status":"open","sticky":false,"template":"","format":"standard","meta":[],"categories":[66],"tags":[],"_links":{"self":[{"href":"https:\/\/pasaenmendoza.com\/index.php?rest_route=\/wp\/v2\/posts\/9308"}],"collection":[{"href":"https:\/\/pasaenmendoza.com\/index.php?rest_route=\/wp\/v2\/posts"}],"about":[{"href":"https:\/\/pasaenmendoza.com\/index.php?rest_route=\/wp\/v2\/types\/post"}],"author":[{"embeddable":true,"href":"https:\/\/pasaenmendoza.com\/index.php?rest_route=\/wp\/v2\/users\/2"}],"replies":[{"embeddable":true,"href":"https:\/\/pasaenmendoza.com\/index.php?rest_route=%2Fwp%2Fv2%2Fcomments&post=9308"}],"version-history":[{"count":1,"href":"https:\/\/pasaenmendoza.com\/index.php?rest_route=\/wp\/v2\/posts\/9308\/revisions"}],"predecessor-version":[{"id":9310,"href":"https:\/\/pasaenmendoza.com\/index.php?rest_route=\/wp\/v2\/posts\/9308\/revisions\/9310"}],"wp:featuredmedia":[{"embeddable":true,"href":"https:\/\/pasaenmendoza.com\/index.php?rest_route=\/wp\/v2\/media\/9309"}],"wp:attachment":[{"href":"https:\/\/pasaenmendoza.com\/index.php?rest_route=%2Fwp%2Fv2%2Fmedia&parent=9308"}],"wp:term":[{"taxonomy":"category","embeddable":true,"href":"https:\/\/pasaenmendoza.com\/index.php?rest_route=%2Fwp%2Fv2%2Fcategories&post=9308"},{"taxonomy":"post_tag","embeddable":true,"href":"https:\/\/pasaenmendoza.com\/index.php?rest_route=%2Fwp%2Fv2%2Ftags&post=9308"}],"curies":[{"name":"wp","href":"https:\/\/api.w.org\/{rel}","templated":true}]}}