{"id":931,"date":"2023-08-25T13:59:01","date_gmt":"2023-08-25T11:59:01","guid":{"rendered":"https:\/\/pasaenmendoza.com\/?p=931"},"modified":"2023-08-25T13:59:01","modified_gmt":"2023-08-25T11:59:01","slug":"biffi-y-cornejo-juntos-en-el-lanzamiento-de-costarelli-en-godoy-cruz","status":"publish","type":"post","link":"https:\/\/pasaenmendoza.com\/?p=931","title":{"rendered":"Biffi y Cornejo, juntos en el lanzamiento de Costarelli en Godoy Cruz"},"content":{"rendered":"\n<h2 class=\"wp-block-heading\"> Estuvieron el actual jefe comunal, Tadeo Garc\u00eda Zalazar, y sus predecesores Alfredo Cornejo y C\u00e9sar Biffi.<\/h2>\n\n\n\n<p><strong>Diego Costarelli<\/strong>\u00a0present\u00f3 oficialmente este jueves su campa\u00f1a a la intendencia de Godoy Cruz en el comit\u00e9 departamental de la UCR, acompa\u00f1ado por el actual jefe comunal, Tadeo Garc\u00eda Zalazar, y sus antecesores\u00a0<strong>Alfredo Cornejo y C\u00e9sar Biffi,<\/strong>\u00a0quienes han tenido m\u00e1s cortocircuitos que acuerdos a lo largo de sus carreras pol\u00edticas.<\/p>\n\n\n\n<p>Durante el acto, Costarelli transmiti\u00f3 su visi\u00f3n para el futuro,\u00a0<strong>basado en la continuidad de la actual gesti\u00f3n<\/strong>, articulando propuestas concretas y una perspectiva de progreso.<\/p>\n\n\n\n<p>De hecho, asegur\u00f3 que &#8220;<strong>los vecinos nos siguen acompa\u00f1ando despu\u00e9s de 24 a\u00f1os porque nos renovamos y el municipio ha sido pionero<\/strong>\u00a0en adaptarse y adelantarse a las distintas necesidades&#8221; y a\u00f1adi\u00f3 que &#8220;hoy los intendentes enfrentan nuevos desaf\u00edos que exceden el alumbrado, barrido y limpieza (ABL)&#8221;.<\/p>\n\n\n\n<p>&#8220;Godoy Cruz es el n\u00famero uno en cuanto a la prestaci\u00f3n de servicios b\u00e1sicos, ordenado y eso lo podemos demostrar con hechos&#8221;, asegur\u00f3 el actual diputado provincial.<\/p>\n\n\n\n<p>Cornejo, en tanto, opin\u00f3 que la comuna &#8220;est\u00e1 bien administrada, cada a\u00f1o eleva su est\u00e1ndar de servicio y cada nuevo mandato supera al anterior&#8221;.<\/p>\n\n\n\n<p>Mientras que agreg\u00f3 que &#8220;ha experimentado una transformaci\u00f3n en estos a\u00f1os que hemos estado a cargo de su administraci\u00f3n, pero adem\u00e1s proyectamos un futuro a\u00fan m\u00e1s prometedor&#8221;.<\/p>\n\n\n\n<p>&#8220;Junto a Diego, podemos alcanzar niveles de excelencia a\u00fan mayores, y a nivel provincial, encarnamos el cambio profundo que Mendoza necesita. Nuestro cambio es real, no solo en nombre, sino en la capacidad de ofrecer servicios p\u00fablicos de calidad y de generar un ambiente propicio para los negocios en el sector privado&#8221;, afirm\u00f3.<\/p>\n\n\n\n<p>Por otro lado, Costarelli analiz\u00f3 la importancia de &#8220;afrontar esta elecci\u00f3n con un contexto nacional que es adverso, un gobierno nacional que ha hecho una p\u00e9sima gesti\u00f3n, signada por la inflaci\u00f3n, un proceso muy da\u00f1ino, que no solo da\u00f1a los salarios, sino las esperanzas&#8221;.<\/p>\n\n\n\n<p>FUENTE: Memo.com.ar<\/p>\n","protected":false},"excerpt":{"rendered":"<p>Estuvieron el actual jefe comunal, Tadeo Garc\u00eda Zalazar, y sus predecesores Alfredo Cornejo y C\u00e9sar Biffi. Diego Costarelli\u00a0present\u00f3 oficialmente este jueves su campa\u00f1a a la intendencia de Godoy Cruz en el comit\u00e9 departamental de la UCR, acompa\u00f1ado por el actual jefe comunal, Tadeo Garc\u00eda Zalazar, y sus antecesores\u00a0Alfredo Cornejo y C\u00e9sar Biffi,\u00a0quienes han tenido m\u00e1s [&hellip;]<\/p>\n","protected":false},"author":2,"featured_media":932,"comment_status":"open","ping_status":"open","sticky":true,"template":"","format":"standard","meta":[],"categories":[47],"tags":[],"_links":{"self":[{"href":"https:\/\/pasaenmendoza.com\/index.php?rest_route=\/wp\/v2\/posts\/931"}],"collection":[{"href":"https:\/\/pasaenmendoza.com\/index.php?rest_route=\/wp\/v2\/posts"}],"about":[{"href":"https:\/\/pasaenmendoza.com\/index.php?rest_route=\/wp\/v2\/types\/post"}],"author":[{"embeddable":true,"href":"https:\/\/pasaenmendoza.com\/index.php?rest_route=\/wp\/v2\/users\/2"}],"replies":[{"embeddable":true,"href":"https:\/\/pasaenmendoza.com\/index.php?rest_route=%2Fwp%2Fv2%2Fcomments&post=931"}],"version-history":[{"count":1,"href":"https:\/\/pasaenmendoza.com\/index.php?rest_route=\/wp\/v2\/posts\/931\/revisions"}],"predecessor-version":[{"id":933,"href":"https:\/\/pasaenmendoza.com\/index.php?rest_route=\/wp\/v2\/posts\/931\/revisions\/933"}],"wp:featuredmedia":[{"embeddable":true,"href":"https:\/\/pasaenmendoza.com\/index.php?rest_route=\/wp\/v2\/media\/932"}],"wp:attachment":[{"href":"https:\/\/pasaenmendoza.com\/index.php?rest_route=%2Fwp%2Fv2%2Fmedia&parent=931"}],"wp:term":[{"taxonomy":"category","embeddable":true,"href":"https:\/\/pasaenmendoza.com\/index.php?rest_route=%2Fwp%2Fv2%2Fcategories&post=931"},{"taxonomy":"post_tag","embeddable":true,"href":"https:\/\/pasaenmendoza.com\/index.php?rest_route=%2Fwp%2Fv2%2Ftags&post=931"}],"curies":[{"name":"wp","href":"https:\/\/api.w.org\/{rel}","templated":true}]}}